{"id":2283,"date":"2023-11-02T07:28:16","date_gmt":"2023-11-02T07:28:16","guid":{"rendered":"https:\/\/www.martina-tegtmeier.de\/?p=2283"},"modified":"2023-11-25T10:10:24","modified_gmt":"2023-11-25T10:10:24","slug":"besuch-im-landtag-von-den-mitarbeiterinnen-und-mitarbeitern-der-verwaltung-des-amtes-luetzow-luebstorf","status":"publish","type":"post","link":"https:\/\/www.martina-tegtmeier.de\/?p=2283","title":{"rendered":"Besuch im Landtag von den Mitarbeiterinnen und Mitarbeitern der Verwaltung des Amtes L\u00fctzow-L\u00fcbstorf"},"content":{"rendered":"<p>Heute durfte ich Mitarbeiterinnen und Mitarbeiter aus dem Amt L\u00fctzow &#8211; L\u00fcbstorf, auf meine Einladung hin, im Landtag begr\u00fc\u00dfen. Die Gespr\u00e4chsrunde war sehr kurzweilig und interessant. Wieder einmal konnte ich Themen in meine Landtagsarbeit mitnehmen, bei denen der &#8222;Schuh&#8220; besonders dr\u00fcckt.<\/p>\n<p><img loading=\"lazy\" decoding=\"async\" class=\"\" src=\"https:\/\/scontent-muc2-1.xx.fbcdn.net\/v\/t39.30808-6\/398296525_2862719530554226_5144126877097905655_n.jpg?_nc_cat=110&amp;ccb=1-7&amp;_nc_sid=5f2048&amp;_nc_ohc=xy-MkdjPQeQAX8CigtV&amp;_nc_ht=scontent-muc2-1.xx&amp;oh=00_AfCmDo3joHyOOUkIfYPrEEbZNYuxPdhy3MGzwnAdo2jmXQ&amp;oe=65560BC1\" alt=\"Ist m\u00f6glicherweise ein Bild von 4 Personen\" width=\"395\" height=\"296\" \/><\/p>\n","protected":false},"excerpt":{"rendered":"<p>Heute durfte ich Mitarbeiterinnen und Mitarbeiter aus dem Amt L\u00fctzow &#8211; L\u00fcbstorf, auf meine Einladung hin, im Landtag begr\u00fc\u00dfen. Die Gespr\u00e4chsrunde war sehr kurzweilig und interessant. Wieder einmal konnte ich Themen in meine Landtagsarbeit mitnehmen, bei denen der &#8222;Schuh&#8220; besonders &hellip; <a href=\"https:\/\/www.martina-tegtmeier.de\/?p=2283\">Weiterlesen <span class=\"meta-nav\">&rarr;<\/span><\/a><\/p>\n","protected":false},"author":2,"featured_media":0,"comment_status":"closed","ping_status":"closed","sticky":false,"template":"","format":"standard","meta":{"footnotes":""},"categories":[9],"tags":[],"class_list":["post-2283","post","type-post","status-publish","format-standard","hentry","category-aktivitaeten"],"_links":{"self":[{"href":"https:\/\/www.martina-tegtmeier.de\/index.php?rest_route=\/wp\/v2\/posts\/2283","targetHints":{"allow":["GET"]}}],"collection":[{"href":"https:\/\/www.martina-tegtmeier.de\/index.php?rest_route=\/wp\/v2\/posts"}],"about":[{"href":"https:\/\/www.martina-tegtmeier.de\/index.php?rest_route=\/wp\/v2\/types\/post"}],"author":[{"embeddable":true,"href":"https:\/\/www.martina-tegtmeier.de\/index.php?rest_route=\/wp\/v2\/users\/2"}],"replies":[{"embeddable":true,"href":"https:\/\/www.martina-tegtmeier.de\/index.php?rest_route=%2Fwp%2Fv2%2Fcomments&post=2283"}],"version-history":[{"count":4,"href":"https:\/\/www.martina-tegtmeier.de\/index.php?rest_route=\/wp\/v2\/posts\/2283\/revisions"}],"predecessor-version":[{"id":2288,"href":"https:\/\/www.martina-tegtmeier.de\/index.php?rest_route=\/wp\/v2\/posts\/2283\/revisions\/2288"}],"wp:attachment":[{"href":"https:\/\/www.martina-tegtmeier.de\/index.php?rest_route=%2Fwp%2Fv2%2Fmedia&parent=2283"}],"wp:term":[{"taxonomy":"category","embeddable":true,"href":"https:\/\/www.martina-tegtmeier.de\/index.php?rest_route=%2Fwp%2Fv2%2Fcategories&post=2283"},{"taxonomy":"post_tag","embeddable":true,"href":"https:\/\/www.martina-tegtmeier.de\/index.php?rest_route=%2Fwp%2Fv2%2Ftags&post=2283"}],"curies":[{"name":"wp","href":"https:\/\/api.w.org\/{rel}","templated":true}]}}