{"id":2292,"date":"2023-11-24T06:45:49","date_gmt":"2023-11-24T06:45:49","guid":{"rendered":"https:\/\/www.martina-tegtmeier.de\/?p=2292"},"modified":"2023-11-27T06:50:01","modified_gmt":"2023-11-27T06:50:01","slug":"vorlesetag-bei-de-luetten-ackerschnacker-in-dragun","status":"publish","type":"post","link":"https:\/\/www.martina-tegtmeier.de\/?p=2292","title":{"rendered":"Vorlesetag bei &#8222;De l\u00fctten Ackerschnacker&#8220; in Dragun"},"content":{"rendered":"<div dir=\"auto\">Eine Woche sp\u00e4ter, aber trotzdem sehr sch\u00f6n, mein pers\u00f6nlicher Vorlesetag in der Kita &#8222;De l\u00fctten Ackerschnacker&#8220; in Dragun.<\/div>\n<div dir=\"auto\">Die familienerg\u00e4nzende Einrichtung ist idyllisch auf dem Land gelegen und legt besonderen Wert auf Natur, Umwelt, Kreativit\u00e4t und Musik.<\/div>\n<div dir=\"auto\">Das Motto der Kita lautet: &#8222;Der Natur auf der Spur!&#8220;<\/div>\n<div dir=\"auto\">Was man bei dem Namen der Kita durchaus verstehen kann. <span class=\"x3nfvp2 x1j61x8r x1fcty0u xdj266r xhhsvwb xat24cr xgzva0m xxymvpz xlup9mm x1kky2od\"><img loading=\"lazy\" decoding=\"async\" class=\"xz74otr\" src=\"https:\/\/static.xx.fbcdn.net\/images\/emoji.php\/v9\/t57\/1\/16\/1f609.png\" alt=\"&#x1f609;\" width=\"16\" height=\"16\" \/><\/span><\/div>\n<div dir=\"auto\"><\/div>\n<div dir=\"auto\"><a href=\"https:\/\/www.martina-tegtmeier.de\/wp-content\/uploads\/2023\/11\/img_1_1700813538059.webp\"><img loading=\"lazy\" decoding=\"async\" class=\"alignnone size-medium wp-image-2293\" src=\"https:\/\/www.martina-tegtmeier.de\/wp-content\/uploads\/2023\/11\/img_1_1700813538059-300x241.webp\" alt=\"\" width=\"300\" height=\"241\" srcset=\"https:\/\/www.martina-tegtmeier.de\/wp-content\/uploads\/2023\/11\/img_1_1700813538059-300x241.webp 300w, https:\/\/www.martina-tegtmeier.de\/wp-content\/uploads\/2023\/11\/img_1_1700813538059-1024x824.webp 1024w, https:\/\/www.martina-tegtmeier.de\/wp-content\/uploads\/2023\/11\/img_1_1700813538059-768x618.webp 768w, https:\/\/www.martina-tegtmeier.de\/wp-content\/uploads\/2023\/11\/img_1_1700813538059.webp 1080w\" sizes=\"auto, (max-width: 300px) 100vw, 300px\" \/><\/a> <a href=\"https:\/\/www.martina-tegtmeier.de\/wp-content\/uploads\/2023\/11\/IMG_20231124_081222-scaled.jpg\"><img loading=\"lazy\" decoding=\"async\" class=\"alignnone size-medium wp-image-2294\" src=\"https:\/\/www.martina-tegtmeier.de\/wp-content\/uploads\/2023\/11\/IMG_20231124_081222-300x225.jpg\" alt=\"\" width=\"300\" height=\"225\" srcset=\"https:\/\/www.martina-tegtmeier.de\/wp-content\/uploads\/2023\/11\/IMG_20231124_081222-300x225.jpg 300w, https:\/\/www.martina-tegtmeier.de\/wp-content\/uploads\/2023\/11\/IMG_20231124_081222-1024x768.jpg 1024w, https:\/\/www.martina-tegtmeier.de\/wp-content\/uploads\/2023\/11\/IMG_20231124_081222-768x576.jpg 768w, https:\/\/www.martina-tegtmeier.de\/wp-content\/uploads\/2023\/11\/IMG_20231124_081222-1536x1152.jpg 1536w, https:\/\/www.martina-tegtmeier.de\/wp-content\/uploads\/2023\/11\/IMG_20231124_081222-2048x1536.jpg 2048w\" sizes=\"auto, (max-width: 300px) 100vw, 300px\" \/> <\/a><a href=\"https:\/\/www.martina-tegtmeier.de\/wp-content\/uploads\/2023\/11\/IMG_20231124_090637-scaled.jpg\"><img loading=\"lazy\" decoding=\"async\" class=\"alignnone size-medium wp-image-2295\" src=\"https:\/\/www.martina-tegtmeier.de\/wp-content\/uploads\/2023\/11\/IMG_20231124_090637-300x225.jpg\" alt=\"\" width=\"300\" height=\"225\" srcset=\"https:\/\/www.martina-tegtmeier.de\/wp-content\/uploads\/2023\/11\/IMG_20231124_090637-300x225.jpg 300w, https:\/\/www.martina-tegtmeier.de\/wp-content\/uploads\/2023\/11\/IMG_20231124_090637-1024x768.jpg 1024w, https:\/\/www.martina-tegtmeier.de\/wp-content\/uploads\/2023\/11\/IMG_20231124_090637-768x576.jpg 768w, https:\/\/www.martina-tegtmeier.de\/wp-content\/uploads\/2023\/11\/IMG_20231124_090637-1536x1152.jpg 1536w, https:\/\/www.martina-tegtmeier.de\/wp-content\/uploads\/2023\/11\/IMG_20231124_090637-2048x1536.jpg 2048w\" sizes=\"auto, (max-width: 300px) 100vw, 300px\" \/><\/a><\/div>\n","protected":false},"excerpt":{"rendered":"<p>Eine Woche sp\u00e4ter, aber trotzdem sehr sch\u00f6n, mein pers\u00f6nlicher Vorlesetag in der Kita &#8222;De l\u00fctten Ackerschnacker&#8220; in Dragun. Die familienerg\u00e4nzende Einrichtung ist idyllisch auf dem Land gelegen und legt besonderen Wert auf Natur, Umwelt, Kreativit\u00e4t und Musik. Das Motto der &hellip; <a href=\"https:\/\/www.martina-tegtmeier.de\/?p=2292\">Weiterlesen <span class=\"meta-nav\">&rarr;<\/span><\/a><\/p>\n","protected":false},"author":2,"featured_media":0,"comment_status":"closed","ping_status":"closed","sticky":false,"template":"","format":"standard","meta":{"footnotes":""},"categories":[9],"tags":[],"class_list":["post-2292","post","type-post","status-publish","format-standard","hentry","category-aktivitaeten"],"_links":{"self":[{"href":"https:\/\/www.martina-tegtmeier.de\/index.php?rest_route=\/wp\/v2\/posts\/2292","targetHints":{"allow":["GET"]}}],"collection":[{"href":"https:\/\/www.martina-tegtmeier.de\/index.php?rest_route=\/wp\/v2\/posts"}],"about":[{"href":"https:\/\/www.martina-tegtmeier.de\/index.php?rest_route=\/wp\/v2\/types\/post"}],"author":[{"embeddable":true,"href":"https:\/\/www.martina-tegtmeier.de\/index.php?rest_route=\/wp\/v2\/users\/2"}],"replies":[{"embeddable":true,"href":"https:\/\/www.martina-tegtmeier.de\/index.php?rest_route=%2Fwp%2Fv2%2Fcomments&post=2292"}],"version-history":[{"count":1,"href":"https:\/\/www.martina-tegtmeier.de\/index.php?rest_route=\/wp\/v2\/posts\/2292\/revisions"}],"predecessor-version":[{"id":2296,"href":"https:\/\/www.martina-tegtmeier.de\/index.php?rest_route=\/wp\/v2\/posts\/2292\/revisions\/2296"}],"wp:attachment":[{"href":"https:\/\/www.martina-tegtmeier.de\/index.php?rest_route=%2Fwp%2Fv2%2Fmedia&parent=2292"}],"wp:term":[{"taxonomy":"category","embeddable":true,"href":"https:\/\/www.martina-tegtmeier.de\/index.php?rest_route=%2Fwp%2Fv2%2Fcategories&post=2292"},{"taxonomy":"post_tag","embeddable":true,"href":"https:\/\/www.martina-tegtmeier.de\/index.php?rest_route=%2Fwp%2Fv2%2Ftags&post=2292"}],"curies":[{"name":"wp","href":"https:\/\/api.w.org\/{rel}","templated":true}]}}