{"id":2313,"date":"2024-01-24T14:18:42","date_gmt":"2024-01-24T14:18:42","guid":{"rendered":"https:\/\/www.martina-tegtmeier.de\/?p=2313"},"modified":"2024-01-24T14:18:42","modified_gmt":"2024-01-24T14:18:42","slug":"pressemitteilung-zu-meiner-rede-im-heutigen-landtag-kommunalverfassungsgesetz-wird-an-gesellschaftliche-entwicklungen-angepasst","status":"publish","type":"post","link":"https:\/\/www.martina-tegtmeier.de\/?p=2313","title":{"rendered":"Pressemitteilung zu meiner Rede im heutigen Landtag &#8211; Kommunalverfassungsgesetz wird an gesellschaftliche Entwicklungen angepasst"},"content":{"rendered":"<div class=\"page-header\">\n<h2>Kommunalverfassungsgesetz wird an gesellschaftliche Entwicklungen angepasst<\/h2>\n<\/div>\n<div class=\"article\">\n<p>Das Gesetz zur Modernisierung des Kommunalverfassungsrechts \u00a0der Landesregierung wurde am Mittwoch in erster Lesung im Landtag MV debattiert. Dazu erkl\u00e4rt die kommunalpolitische Sprecherin der SPD-Landtagsfraktion, Martina Tegtmeier:<\/p>\n<p>\u201eMit der Novelle der Kommunalverfassung passen wir das zuletzt vor \u00fcber zehn Jahren umf\u00e4nglich aktualisierte Gesetz an die gesellschaftlichen Entwicklungen an. Die Landesregierung hatte im Vorfeld zusammen mit Vertreterinnen und Vertretern der kommunalen Familie in einem breiten Beteiligungsprozess den Entwurf erarbeitet.<\/p>\n<p>Er sieht unter anderem vor, dass kommunale Gemeinde- bzw. Kreistagsmitglieder k\u00fcnftig rechtssicher digital an Kreis-, bzw. Gemeindevertretungssitzungen teilnehmen k\u00f6nnen. Sitzungen kommunaler Vertretungen und ihrer Aussch\u00fcsse k\u00f6nnen in Zukunft also, wenn die \u00d6ffentlichkeit sichergestellt ist und die Einwohnerrechte gewahrt bleiben, grunds\u00e4tzlich digital stattfinden. Damit wird auch die Vereinbarkeit von Familie und Ehrenamt verbessert.<\/p>\n<p>Die Beteiligungsm\u00f6glichkeiten der Einwohnerinnen und Einwohner wird ausgeweitet, indem Gemeindevertretungen und Kreistage mehr Beir\u00e4te bilden k\u00f6nnen und ihnen auch Rechte zubilligen k\u00f6nnen, die zurzeit noch nicht m\u00f6glich sind. So sollen Senioren wie Jugendliche und andere Interessengruppen k\u00fcnftig besser in der Kommunalpolitik vertreten werden.<\/p>\n<p>Dar\u00fcber hinaus werden viele Regelungen angepasst, die sich in der Vergangenheit als nicht besonders praktikabel erwiesen haben. Zum Beispiel wird die Besetzung der Aussch\u00fcsse vereinfacht, von einem Wahlverfahren hin zu einem Benennungsverfahren. Ortsteilvertretungen sollen k\u00fcnftig auch direkt gew\u00e4hlt werden k\u00f6nnen und f\u00fcr \u00c4mter wird die Option er\u00f6ffnet, einen Hauptausschuss zu bilden.<\/p>\n<p>Im selben Zuge wird mit einer Ver\u00e4nderung im Landes- und Kommunalwahlgesetz die H\u00f6chstaltersgrenze f\u00fcr Kandidierende zum Amt der B\u00fcrgermeisterin\/des B\u00fcrgermeisters sowie der Landr\u00e4tin\/des Landrats im Hauptamt aufgehoben. Hier fragt man sich schon seit langem, warum f\u00fcr ein Ehrenamt keine Altersgrenze gilt, f\u00fcr das Hauptamt jedoch.<\/p>\n<p>Nun muss der Entwurf in den Aussch\u00fcssen behandelt werden. Unser Ziel ist es, dass die neuen Regelungen zur Kommunalwahl im Juni in Kraft treten k\u00f6nnen.\u201c<\/p>\n<\/div>\n","protected":false},"excerpt":{"rendered":"<p>Kommunalverfassungsgesetz wird an gesellschaftliche Entwicklungen angepasst Das Gesetz zur Modernisierung des Kommunalverfassungsrechts \u00a0der Landesregierung wurde am Mittwoch in erster Lesung im Landtag MV debattiert. Dazu erkl\u00e4rt die kommunalpolitische Sprecherin der SPD-Landtagsfraktion, Martina Tegtmeier: \u201eMit der Novelle der Kommunalverfassung passen wir &hellip; <a href=\"https:\/\/www.martina-tegtmeier.de\/?p=2313\">Weiterlesen <span class=\"meta-nav\">&rarr;<\/span><\/a><\/p>\n","protected":false},"author":2,"featured_media":0,"comment_status":"closed","ping_status":"closed","sticky":false,"template":"","format":"standard","meta":{"footnotes":""},"categories":[8],"tags":[],"class_list":["post-2313","post","type-post","status-publish","format-standard","hentry","category-aktuelles"],"_links":{"self":[{"href":"https:\/\/www.martina-tegtmeier.de\/index.php?rest_route=\/wp\/v2\/posts\/2313","targetHints":{"allow":["GET"]}}],"collection":[{"href":"https:\/\/www.martina-tegtmeier.de\/index.php?rest_route=\/wp\/v2\/posts"}],"about":[{"href":"https:\/\/www.martina-tegtmeier.de\/index.php?rest_route=\/wp\/v2\/types\/post"}],"author":[{"embeddable":true,"href":"https:\/\/www.martina-tegtmeier.de\/index.php?rest_route=\/wp\/v2\/users\/2"}],"replies":[{"embeddable":true,"href":"https:\/\/www.martina-tegtmeier.de\/index.php?rest_route=%2Fwp%2Fv2%2Fcomments&post=2313"}],"version-history":[{"count":1,"href":"https:\/\/www.martina-tegtmeier.de\/index.php?rest_route=\/wp\/v2\/posts\/2313\/revisions"}],"predecessor-version":[{"id":2314,"href":"https:\/\/www.martina-tegtmeier.de\/index.php?rest_route=\/wp\/v2\/posts\/2313\/revisions\/2314"}],"wp:attachment":[{"href":"https:\/\/www.martina-tegtmeier.de\/index.php?rest_route=%2Fwp%2Fv2%2Fmedia&parent=2313"}],"wp:term":[{"taxonomy":"category","embeddable":true,"href":"https:\/\/www.martina-tegtmeier.de\/index.php?rest_route=%2Fwp%2Fv2%2Fcategories&post=2313"},{"taxonomy":"post_tag","embeddable":true,"href":"https:\/\/www.martina-tegtmeier.de\/index.php?rest_route=%2Fwp%2Fv2%2Ftags&post=2313"}],"curies":[{"name":"wp","href":"https:\/\/api.w.org\/{rel}","templated":true}]}}