{"id":2315,"date":"2024-01-29T08:57:27","date_gmt":"2024-01-29T08:57:27","guid":{"rendered":"https:\/\/www.martina-tegtmeier.de\/?p=2315"},"modified":"2024-01-29T08:57:27","modified_gmt":"2024-01-29T08:57:27","slug":"pressemitteilung-vom-26-1-2024-zur-bezahlkarte-fuer-asylbewerber","status":"publish","type":"post","link":"https:\/\/www.martina-tegtmeier.de\/?p=2315","title":{"rendered":"Pressemitteilung vom 26.1.2024 zur Bezahlkarte f\u00fcr Asylbewerber"},"content":{"rendered":"<div class=\"page-header\">\n<h2><\/h2>\n<\/div>\n<div class=\"article\">\n<p>Die Einf\u00fchrung eines Bezahlkartensystems f\u00fcr Asylbewerber in MV wurde am Freitag im Landtag MV debattiert. Nachdem das Innenministerium bereits die \u00d6ffentlichkeit dar\u00fcber informiert hat, an der Einf\u00fchrung eines solchen Systems zu arbeiten, behauptet die CDU-Fraktion, die MV-Koalition sei gegen die Einf\u00fchrung eines solchen Systems beziehungsweise verschleppe dies bewusst. Dem widerspricht die innenpolitische Sprecherin der SPD-Landtagsfraktion, Martina Tegtmeier vehement:<\/p>\n<p>\u201eDie CDU kann es einfach nicht lassen. Erst verdrehen sie bewusst monatelang die Fakten bei der B\u00fcrgergelddebatte, inszenieren Skandale rund um das Thema Klimastiftung, die es gar nicht gibt und nun l\u00fcgen sie in Hinblick auf die Bezahlkarte. Wir haben den Antrag der CDU nicht abgelehnt, weil wir gegen eine Bezahlkarte sind. Im Gegenteil. Der Innenminister hat bereits bekannt gegeben, dass sein Ministerium daran arbeitet ein effektives und landesweites System einzuf\u00fchren, von dem alle Landkreise und kreisfreien St\u00e4dte Gebrauch machen sollen.<\/p>\n<p>Wir haben den Antrag abgelehnt, weil die CDU jegliche Bargeldauszahlung verhindern will. Wir verfolgen einen diskriminierungsfreien Weg. So sollen Asylbewerber zwar grunds\u00e4tzlich ihre pers\u00f6nlichen Bedarf mit der Karte bezahlen, aber auch geringe Mengen Bargeld abheben d\u00fcrfen. Denn nicht alles kann man bei uns in Deutschland mit Karte bezahlen. Nun im Nachgang zu versuchen, es so darzustellen, als wenn wir die Bezahlkarte grundlegend ablehnen oder bewusst verschleppen, ist einfach falsch. Die CDU sollte aufh\u00f6ren, mit L\u00fcgen die Spaltung der Gesellschaft voranzutreiben.&#8220;<\/p>\n<\/div>\n","protected":false},"excerpt":{"rendered":"<p>Die Einf\u00fchrung eines Bezahlkartensystems f\u00fcr Asylbewerber in MV wurde am Freitag im Landtag MV debattiert. Nachdem das Innenministerium bereits die \u00d6ffentlichkeit dar\u00fcber informiert hat, an der Einf\u00fchrung eines solchen Systems zu arbeiten, behauptet die CDU-Fraktion, die MV-Koalition sei gegen die &hellip; <a href=\"https:\/\/www.martina-tegtmeier.de\/?p=2315\">Weiterlesen <span class=\"meta-nav\">&rarr;<\/span><\/a><\/p>\n","protected":false},"author":2,"featured_media":0,"comment_status":"closed","ping_status":"closed","sticky":false,"template":"","format":"standard","meta":{"footnotes":""},"categories":[8],"tags":[],"class_list":["post-2315","post","type-post","status-publish","format-standard","hentry","category-aktuelles"],"_links":{"self":[{"href":"https:\/\/www.martina-tegtmeier.de\/index.php?rest_route=\/wp\/v2\/posts\/2315","targetHints":{"allow":["GET"]}}],"collection":[{"href":"https:\/\/www.martina-tegtmeier.de\/index.php?rest_route=\/wp\/v2\/posts"}],"about":[{"href":"https:\/\/www.martina-tegtmeier.de\/index.php?rest_route=\/wp\/v2\/types\/post"}],"author":[{"embeddable":true,"href":"https:\/\/www.martina-tegtmeier.de\/index.php?rest_route=\/wp\/v2\/users\/2"}],"replies":[{"embeddable":true,"href":"https:\/\/www.martina-tegtmeier.de\/index.php?rest_route=%2Fwp%2Fv2%2Fcomments&post=2315"}],"version-history":[{"count":1,"href":"https:\/\/www.martina-tegtmeier.de\/index.php?rest_route=\/wp\/v2\/posts\/2315\/revisions"}],"predecessor-version":[{"id":2316,"href":"https:\/\/www.martina-tegtmeier.de\/index.php?rest_route=\/wp\/v2\/posts\/2315\/revisions\/2316"}],"wp:attachment":[{"href":"https:\/\/www.martina-tegtmeier.de\/index.php?rest_route=%2Fwp%2Fv2%2Fmedia&parent=2315"}],"wp:term":[{"taxonomy":"category","embeddable":true,"href":"https:\/\/www.martina-tegtmeier.de\/index.php?rest_route=%2Fwp%2Fv2%2Fcategories&post=2315"},{"taxonomy":"post_tag","embeddable":true,"href":"https:\/\/www.martina-tegtmeier.de\/index.php?rest_route=%2Fwp%2Fv2%2Ftags&post=2315"}],"curies":[{"name":"wp","href":"https:\/\/api.w.org\/{rel}","templated":true}]}}