{"id":2348,"date":"2024-05-30T11:08:10","date_gmt":"2024-05-30T11:08:10","guid":{"rendered":"https:\/\/www.martina-tegtmeier.de\/?p=2348"},"modified":"2024-05-30T11:08:10","modified_gmt":"2024-05-30T11:08:10","slug":"pressemitteilung-vom-30-5-2024-martina-tegtmeier-zur-fag-novelle-geld-das-bund-und-land-bereitstellen-soll-verlaesslich-bei-den-kommunen-ankommen","status":"publish","type":"post","link":"https:\/\/www.martina-tegtmeier.de\/?p=2348","title":{"rendered":"Pressemitteilung vom 30.5.2024 Martina Tegtmeier zur FAG-Novelle: \u201eGeld, das Bund und Land bereitstellen, soll verl\u00e4sslich bei den Kommunen ankommen\u201c"},"content":{"rendered":"<div class=\"page-header\">\n<h2>Martina Tegtmeier zur FAG-Novelle: \u201eGeld, das Bund und Land bereitstellen, soll verl\u00e4sslich bei den Kommunen ankommen\u201c<\/h2>\n<\/div>\n<div class=\"article\">\n<p>Am Donnerstag wurde das neue Finanzausgleichsgesetz in einer \u00f6ffentlichen Anh\u00f6rung im Innenausschuss beraten. Dabei hatten Sachverst\u00e4ndige die M\u00f6glichkeit, Anmerkungen, Hinweise und W\u00fcnsche f\u00fcr die Novelle zu \u00e4u\u00dfern. Im Anschluss an die Anh\u00f6rung sagt die kommunalpolitische Sprecherin der SPD-Landtagsfraktion, Martina Tegtmeier:<\/p>\n<p>\u201eDie Novelle verfolgt vor allem ein Ziel: Geld, das Bund und Land bereitstellen, soll verl\u00e4sslich bei den Kommunen ankommen. Daf\u00fcr werden wir sorgen. So wird unter anderem das Startchancenprogramm, welches daf\u00fcr sorgen soll, dass der Bildungserfolg von Kindern nicht von der sozialen Herkunft abh\u00e4ngt, in das neue Gesetz integriert. Wir schaffen damit die gesetzliche Grundlage, dass die Mittel aus diesem wichtigen Programm auch da ankommen, wo sie landen sollen. Ich danke allen Sachverst\u00e4ndigen f\u00fcr ihre sachlichen Argumente. Ich bin sehr zuversichtlich, dass das Gesetz noch im Juni im Landtag beschlossen werden kann.\u201c<\/p>\n<\/div>\n<div class=\"itemTagsBlock\">\n<div class=\"itemTags\">Themen:\u00a0<a class=\"label label-info\" href=\"https:\/\/www.spd-fraktion-mv.de\/thema\/finanzen\">#Finanzen<\/a>\u00a0<a class=\"label label-info\" href=\"https:\/\/www.spd-fraktion-mv.de\/thema\/fag\">#FAG<\/a>\u00a0<a class=\"label label-info\" href=\"https:\/\/www.spd-fraktion-mv.de\/thema\/mv\">#MV<\/a>\u00a0<a class=\"label label-info\" href=\"https:\/\/www.spd-fraktion-mv.de\/thema\/geld\">#Geld<\/a>\u00a0<a class=\"label label-info\" href=\"https:\/\/www.spd-fraktion-mv.de\/thema\/kommunen\">#Kommunen<\/a>\u00a0<a class=\"label label-info\" href=\"https:\/\/www.spd-fraktion-mv.de\/thema\/startchancenprogramm\">#Startchancenprogramm<\/a><\/div>\n<\/div>\n","protected":false},"excerpt":{"rendered":"<p>Martina Tegtmeier zur FAG-Novelle: \u201eGeld, das Bund und Land bereitstellen, soll verl\u00e4sslich bei den Kommunen ankommen\u201c Am Donnerstag wurde das neue Finanzausgleichsgesetz in einer \u00f6ffentlichen Anh\u00f6rung im Innenausschuss beraten. Dabei hatten Sachverst\u00e4ndige die M\u00f6glichkeit, Anmerkungen, Hinweise und W\u00fcnsche f\u00fcr die &hellip; <a href=\"https:\/\/www.martina-tegtmeier.de\/?p=2348\">Weiterlesen <span class=\"meta-nav\">&rarr;<\/span><\/a><\/p>\n","protected":false},"author":2,"featured_media":0,"comment_status":"closed","ping_status":"closed","sticky":false,"template":"","format":"standard","meta":{"footnotes":""},"categories":[8],"tags":[],"class_list":["post-2348","post","type-post","status-publish","format-standard","hentry","category-aktuelles"],"_links":{"self":[{"href":"https:\/\/www.martina-tegtmeier.de\/index.php?rest_route=\/wp\/v2\/posts\/2348","targetHints":{"allow":["GET"]}}],"collection":[{"href":"https:\/\/www.martina-tegtmeier.de\/index.php?rest_route=\/wp\/v2\/posts"}],"about":[{"href":"https:\/\/www.martina-tegtmeier.de\/index.php?rest_route=\/wp\/v2\/types\/post"}],"author":[{"embeddable":true,"href":"https:\/\/www.martina-tegtmeier.de\/index.php?rest_route=\/wp\/v2\/users\/2"}],"replies":[{"embeddable":true,"href":"https:\/\/www.martina-tegtmeier.de\/index.php?rest_route=%2Fwp%2Fv2%2Fcomments&post=2348"}],"version-history":[{"count":1,"href":"https:\/\/www.martina-tegtmeier.de\/index.php?rest_route=\/wp\/v2\/posts\/2348\/revisions"}],"predecessor-version":[{"id":2349,"href":"https:\/\/www.martina-tegtmeier.de\/index.php?rest_route=\/wp\/v2\/posts\/2348\/revisions\/2349"}],"wp:attachment":[{"href":"https:\/\/www.martina-tegtmeier.de\/index.php?rest_route=%2Fwp%2Fv2%2Fmedia&parent=2348"}],"wp:term":[{"taxonomy":"category","embeddable":true,"href":"https:\/\/www.martina-tegtmeier.de\/index.php?rest_route=%2Fwp%2Fv2%2Fcategories&post=2348"},{"taxonomy":"post_tag","embeddable":true,"href":"https:\/\/www.martina-tegtmeier.de\/index.php?rest_route=%2Fwp%2Fv2%2Ftags&post=2348"}],"curies":[{"name":"wp","href":"https:\/\/api.w.org\/{rel}","templated":true}]}}