{"id":2351,"date":"2024-06-12T09:27:49","date_gmt":"2024-06-12T09:27:49","guid":{"rendered":"https:\/\/www.martina-tegtmeier.de\/?p=2351"},"modified":"2024-06-13T09:29:13","modified_gmt":"2024-06-13T09:29:13","slug":"pressemitteilung-vom-12-6-2024-die-cdu-instrumentalisiert-den-tragischen-tod-von-rouven-l-das-machen-wir-nicht-mit","status":"publish","type":"post","link":"https:\/\/www.martina-tegtmeier.de\/?p=2351","title":{"rendered":"Pressemitteilung vom 12.6.2024  &#8222;Die CDU instrumentalisiert den tragischen Tod von Rouven L., das machen wir nicht mit.\u201c"},"content":{"rendered":"<div class=\"page-header\">\n<h2>Martina Tegtmeier: &#8222;Die CDU instrumentalisiert den tragischen Tod von Rouven L., das machen wir nicht mit.\u201c<\/h2>\n<\/div>\n<div class=\"article\">\n<p>Am Mittwoch stellte die CDU einen Dringlichkeitsantrag f\u00fcr den Landtag unter dem Titel \u201eIslamistischen Terrorismus entscheiden bek\u00e4mpfen \u2013 schwerstkriminelle T\u00e4ter ausl\u00e4ndischer Herkunft konsequent ausweisen \u2013 Abschiebungen auch in unsichere Herkunftsl\u00e4nder erm\u00f6glichen\u201c. Die Dringlichkeit lehnten die Fraktionen der SPD und der Linken ab. Im Anschluss warf der CDU-Fraktionsvorsitzende, Daniel Peters der Koalition vor, ignorant mit h\u00f6chst relevanten Themen umzugehen. Die innenpolitische Sprecherin der SPD-Fraktion, Martina Tegtmeier, weist die Vorw\u00fcrfe zur\u00fcck:<\/p>\n<p>\u201eJede Gewalt, egal ob von Islamisten, Rechtsextremisten, Linksextremisten und egal wem \u2013 ist immer zu verurteilen. Jeder Vorfall muss Konsequenzen haben. Deswegen bin ich Bundeskanzler Olaf Scholz und Bundesinnenministerin Nancy Faeser dankbar, dass sie alle n\u00f6tigen Ma\u00dfnahmen ergreifen, um Straft\u00e4ter und Gef\u00e4hrder des Landes zu verweisen und die Beh\u00f6rden gerade auch in Hinblick auf die Fu\u00dfball- Europameisterschaft besonders zu sensibilisieren.<\/p>\n<p>Dass wir heute die Dringlichkeit abgelehnt haben, liegt aber nicht daran, dass wir das Thema nicht ernst nehmen. Im Gegenteil. Es liegt daran, dass das Thema regelm\u00e4\u00dfig pr\u00e4sent ist und auch auf Bundesebene aktuell intensiv debattiert wird. Gerade in der letzten Woche wurde ein fast wortgleicher Antrag im Bundestag behandelt, in dieser Woche zwei weitere zum Thema Islamismus.<\/p>\n<p>Wir haben mit den Kolleginnen und Kollegen der Polizei zudem eine Schweigeminute durchgef\u00fchrt. Auch im Landtag wurde des Toten Polizisten heute gedacht. Die CDU instrumentalisiert den tragischen Tod von Rouven L., das machen wir nicht mit.\u201c<\/p>\n<\/div>\n","protected":false},"excerpt":{"rendered":"<p>Martina Tegtmeier: &#8222;Die CDU instrumentalisiert den tragischen Tod von Rouven L., das machen wir nicht mit.\u201c Am Mittwoch stellte die CDU einen Dringlichkeitsantrag f\u00fcr den Landtag unter dem Titel \u201eIslamistischen Terrorismus entscheiden bek\u00e4mpfen \u2013 schwerstkriminelle T\u00e4ter ausl\u00e4ndischer Herkunft konsequent ausweisen &hellip; <a href=\"https:\/\/www.martina-tegtmeier.de\/?p=2351\">Weiterlesen <span class=\"meta-nav\">&rarr;<\/span><\/a><\/p>\n","protected":false},"author":2,"featured_media":0,"comment_status":"closed","ping_status":"closed","sticky":false,"template":"","format":"standard","meta":{"footnotes":""},"categories":[8],"tags":[],"class_list":["post-2351","post","type-post","status-publish","format-standard","hentry","category-aktuelles"],"_links":{"self":[{"href":"https:\/\/www.martina-tegtmeier.de\/index.php?rest_route=\/wp\/v2\/posts\/2351","targetHints":{"allow":["GET"]}}],"collection":[{"href":"https:\/\/www.martina-tegtmeier.de\/index.php?rest_route=\/wp\/v2\/posts"}],"about":[{"href":"https:\/\/www.martina-tegtmeier.de\/index.php?rest_route=\/wp\/v2\/types\/post"}],"author":[{"embeddable":true,"href":"https:\/\/www.martina-tegtmeier.de\/index.php?rest_route=\/wp\/v2\/users\/2"}],"replies":[{"embeddable":true,"href":"https:\/\/www.martina-tegtmeier.de\/index.php?rest_route=%2Fwp%2Fv2%2Fcomments&post=2351"}],"version-history":[{"count":1,"href":"https:\/\/www.martina-tegtmeier.de\/index.php?rest_route=\/wp\/v2\/posts\/2351\/revisions"}],"predecessor-version":[{"id":2352,"href":"https:\/\/www.martina-tegtmeier.de\/index.php?rest_route=\/wp\/v2\/posts\/2351\/revisions\/2352"}],"wp:attachment":[{"href":"https:\/\/www.martina-tegtmeier.de\/index.php?rest_route=%2Fwp%2Fv2%2Fmedia&parent=2351"}],"wp:term":[{"taxonomy":"category","embeddable":true,"href":"https:\/\/www.martina-tegtmeier.de\/index.php?rest_route=%2Fwp%2Fv2%2Fcategories&post=2351"},{"taxonomy":"post_tag","embeddable":true,"href":"https:\/\/www.martina-tegtmeier.de\/index.php?rest_route=%2Fwp%2Fv2%2Ftags&post=2351"}],"curies":[{"name":"wp","href":"https:\/\/api.w.org\/{rel}","templated":true}]}}