{"id":2354,"date":"2024-06-17T07:15:37","date_gmt":"2024-06-17T07:15:37","guid":{"rendered":"https:\/\/www.martina-tegtmeier.de\/?p=2354"},"modified":"2024-06-17T07:15:37","modified_gmt":"2024-06-17T07:15:37","slug":"hoffest-2024-30-jahre-poeler-leben","status":"publish","type":"post","link":"https:\/\/www.martina-tegtmeier.de\/?p=2354","title":{"rendered":"Hoffest 2024 &#8211; 30 Jahre Poeler Leben"},"content":{"rendered":"<div dir=\"auto\">Der Verein Poeler Leben mit Mehrgenerationenhaus hatte am Samstag zum \u201eHoffest 2024 30 Jahre Poeler Leben geladen\u201c<\/div>\n<div dir=\"auto\">Es war ein sehr kurzweiliges Programm auf die Beine gestellt worden, was ich gemeinsam mit der Staatssekret\u00e4rin im Ministerium f\u00fcr Soziales, Gesundheit und Sport des Landes Mecklenburg \u2013 Vorpommern, Sylvia Grimm und unserem Bundestagsabgeordneten Frank Junge auf der Insel Poel erleben durfte.<\/div>\n<div dir=\"auto\">Ich w\u00fcnsche dem Verein Poeler Leben mit Mehrgenerationenhaus noch viele weitere Jahre erfolgreicher Arbeit f\u00fcr die B\u00fcrgerinnen und B\u00fcrger auf der Insel Poel!<\/div>\n<div dir=\"auto\"><a href=\"https:\/\/www.martina-tegtmeier.de\/wp-content\/uploads\/2024\/06\/Poel-5-scaled.jpg\"><img loading=\"lazy\" decoding=\"async\" class=\"alignnone size-medium wp-image-2355\" src=\"https:\/\/www.martina-tegtmeier.de\/wp-content\/uploads\/2024\/06\/Poel-5-300x225.jpg\" alt=\"\" width=\"300\" height=\"225\" srcset=\"https:\/\/www.martina-tegtmeier.de\/wp-content\/uploads\/2024\/06\/Poel-5-300x225.jpg 300w, https:\/\/www.martina-tegtmeier.de\/wp-content\/uploads\/2024\/06\/Poel-5-1024x769.jpg 1024w, https:\/\/www.martina-tegtmeier.de\/wp-content\/uploads\/2024\/06\/Poel-5-768x577.jpg 768w, https:\/\/www.martina-tegtmeier.de\/wp-content\/uploads\/2024\/06\/Poel-5-1536x1153.jpg 1536w, https:\/\/www.martina-tegtmeier.de\/wp-content\/uploads\/2024\/06\/Poel-5-2048x1538.jpg 2048w\" sizes=\"auto, (max-width: 300px) 100vw, 300px\" \/><\/a>\u00a0 <a href=\"https:\/\/www.martina-tegtmeier.de\/wp-content\/uploads\/2024\/06\/Poel-2-scaled.jpg\"><img loading=\"lazy\" decoding=\"async\" class=\"alignnone size-medium wp-image-2356\" src=\"https:\/\/www.martina-tegtmeier.de\/wp-content\/uploads\/2024\/06\/Poel-2-225x300.jpg\" alt=\"\" width=\"225\" height=\"300\" srcset=\"https:\/\/www.martina-tegtmeier.de\/wp-content\/uploads\/2024\/06\/Poel-2-225x300.jpg 225w, https:\/\/www.martina-tegtmeier.de\/wp-content\/uploads\/2024\/06\/Poel-2-769x1024.jpg 769w, https:\/\/www.martina-tegtmeier.de\/wp-content\/uploads\/2024\/06\/Poel-2-768x1023.jpg 768w, https:\/\/www.martina-tegtmeier.de\/wp-content\/uploads\/2024\/06\/Poel-2-1153x1536.jpg 1153w, https:\/\/www.martina-tegtmeier.de\/wp-content\/uploads\/2024\/06\/Poel-2-1538x2048.jpg 1538w, https:\/\/www.martina-tegtmeier.de\/wp-content\/uploads\/2024\/06\/Poel-2-scaled.jpg 1922w\" sizes=\"auto, (max-width: 225px) 100vw, 225px\" \/><\/a> <a href=\"https:\/\/www.martina-tegtmeier.de\/wp-content\/uploads\/2024\/06\/Poel-3-scaled.jpg\"><img loading=\"lazy\" decoding=\"async\" class=\"alignnone size-medium wp-image-2357\" src=\"https:\/\/www.martina-tegtmeier.de\/wp-content\/uploads\/2024\/06\/Poel-3-225x300.jpg\" alt=\"\" width=\"225\" height=\"300\" srcset=\"https:\/\/www.martina-tegtmeier.de\/wp-content\/uploads\/2024\/06\/Poel-3-225x300.jpg 225w, https:\/\/www.martina-tegtmeier.de\/wp-content\/uploads\/2024\/06\/Poel-3-769x1024.jpg 769w, https:\/\/www.martina-tegtmeier.de\/wp-content\/uploads\/2024\/06\/Poel-3-768x1023.jpg 768w, https:\/\/www.martina-tegtmeier.de\/wp-content\/uploads\/2024\/06\/Poel-3-1153x1536.jpg 1153w, https:\/\/www.martina-tegtmeier.de\/wp-content\/uploads\/2024\/06\/Poel-3-1538x2048.jpg 1538w, https:\/\/www.martina-tegtmeier.de\/wp-content\/uploads\/2024\/06\/Poel-3-scaled.jpg 1922w\" sizes=\"auto, (max-width: 225px) 100vw, 225px\" \/><\/a><\/div>\n","protected":false},"excerpt":{"rendered":"<p>Der Verein Poeler Leben mit Mehrgenerationenhaus hatte am Samstag zum \u201eHoffest 2024 30 Jahre Poeler Leben geladen\u201c Es war ein sehr kurzweiliges Programm auf die Beine gestellt worden, was ich gemeinsam mit der Staatssekret\u00e4rin im Ministerium f\u00fcr Soziales, Gesundheit und &hellip; <a href=\"https:\/\/www.martina-tegtmeier.de\/?p=2354\">Weiterlesen <span class=\"meta-nav\">&rarr;<\/span><\/a><\/p>\n","protected":false},"author":2,"featured_media":0,"comment_status":"closed","ping_status":"closed","sticky":false,"template":"","format":"standard","meta":{"footnotes":""},"categories":[9],"tags":[],"class_list":["post-2354","post","type-post","status-publish","format-standard","hentry","category-aktivitaeten"],"_links":{"self":[{"href":"https:\/\/www.martina-tegtmeier.de\/index.php?rest_route=\/wp\/v2\/posts\/2354","targetHints":{"allow":["GET"]}}],"collection":[{"href":"https:\/\/www.martina-tegtmeier.de\/index.php?rest_route=\/wp\/v2\/posts"}],"about":[{"href":"https:\/\/www.martina-tegtmeier.de\/index.php?rest_route=\/wp\/v2\/types\/post"}],"author":[{"embeddable":true,"href":"https:\/\/www.martina-tegtmeier.de\/index.php?rest_route=\/wp\/v2\/users\/2"}],"replies":[{"embeddable":true,"href":"https:\/\/www.martina-tegtmeier.de\/index.php?rest_route=%2Fwp%2Fv2%2Fcomments&post=2354"}],"version-history":[{"count":1,"href":"https:\/\/www.martina-tegtmeier.de\/index.php?rest_route=\/wp\/v2\/posts\/2354\/revisions"}],"predecessor-version":[{"id":2358,"href":"https:\/\/www.martina-tegtmeier.de\/index.php?rest_route=\/wp\/v2\/posts\/2354\/revisions\/2358"}],"wp:attachment":[{"href":"https:\/\/www.martina-tegtmeier.de\/index.php?rest_route=%2Fwp%2Fv2%2Fmedia&parent=2354"}],"wp:term":[{"taxonomy":"category","embeddable":true,"href":"https:\/\/www.martina-tegtmeier.de\/index.php?rest_route=%2Fwp%2Fv2%2Fcategories&post=2354"},{"taxonomy":"post_tag","embeddable":true,"href":"https:\/\/www.martina-tegtmeier.de\/index.php?rest_route=%2Fwp%2Fv2%2Ftags&post=2354"}],"curies":[{"name":"wp","href":"https:\/\/api.w.org\/{rel}","templated":true}]}}