{"id":2421,"date":"2025-01-09T10:58:33","date_gmt":"2025-01-09T10:58:33","guid":{"rendered":"https:\/\/www.martina-tegtmeier.de\/?p=2421"},"modified":"2025-01-09T10:58:33","modified_gmt":"2025-01-09T10:58:33","slug":"pressemitteilung-vom-9-1-2025-panikmache-der-cdu-bringt-mecklenburg-vorpommern-nicht-voran-echte-sicherheit-statt-politischer-scharfmacherei","status":"publish","type":"post","link":"https:\/\/www.martina-tegtmeier.de\/?p=2421","title":{"rendered":"Pressemitteilung vom 9.1.2025 &#8211; Panikmache der CDU bringt Mecklenburg-Vorpommern nicht voran &#8211; Echte Sicherheit statt politischer Scharfmacherei"},"content":{"rendered":"<div class=\"page-header\">\n<h2>\u00a0Panikmache der CDU bringt Mecklenburg-Vorpommern nicht voran &#8211; Echte Sicherheit statt politischer Scharfmacherei<\/h2>\n<\/div>\n<div class=\"article\">\n<p>Zur heutigen Pressemitteilung der CDU-Fraktion erkl\u00e4rt die innenpolitische Sprecherin der SPD-Landtagsfraktion, Martina Tegtmeier:<\/p>\n<p>\u201eDas aktuelle SOG gilt und bietet der Polizei in MV die Grundlage f\u00fcr ihre wichtige Aufgabe der Gefahrenabwehr. Das wei\u00df die CDU, schlie\u00dflich haben wir das Gesetz gemeinsam in weiten Teilen erarbeitet und beschlossen. Trotzdem setzt die CDU-Fraktion einmal mehr auf Panikmache und Verunsicherung. Das ist verantwortungslos und das Gegenteil von seri\u00f6ser Sicherheitspolitik.<\/p>\n<p>Der Innenminister hat wie lange bekannt &#8211; und bereits im Gesetz angelegt &#8211; eine Evaluation des Sicherheits- und Ordnungsgesetzes vorgelegt. Das ist ein geordneter, rechtstaatlich gebotener Prozess, den wir als SPD-Fraktion klar unterst\u00fctzen. Die Ergebnisse dieser Evaluation werden nun den Erfordernissen entsprechend bewertet und in einem geordneten Verfahren gesetzlich umgesetzt. Das ist verantwortungsbewusstes Regierungshandeln. Sicherheit in Mecklenburg-Vorpommern bedeutet, verl\u00e4sslich und sachlich und nicht mit Krawall und populistischen Schnellsch\u00fcssen zu handeln, wie sie die CDU inzwischen regelm\u00e4\u00dfig fordert. Erstaunlich wie schnell die CDU alle rechtsstaatlichen Prozesse \u00fcber Bord wirft, um beim W\u00e4hler punkten zu k\u00f6nnen.<\/p>\n<p>Unsere B\u00fcrgerinnen und B\u00fcrger erwarten aber zu Recht konsequentes Vorgehen gegen Kriminalit\u00e4t auf einem starken rechtsstaatlichen Fundament. Genau daf\u00fcr steht die SPD-Fraktion.&#8220;<\/p>\n<\/div>\n<div class=\"itemTagsBlock\">\n<div class=\"itemTags\">Themen:\u00a0<a class=\"label label-info\" href=\"https:\/\/www.spd-fraktion-mv.de\/thema\/polizei\">#Polizei<\/a>\u00a0<a class=\"label label-info\" href=\"https:\/\/www.spd-fraktion-mv.de\/thema\/sicherheit\">#Sicherheit<\/a>\u00a0<a class=\"label label-info\" href=\"https:\/\/www.spd-fraktion-mv.de\/thema\/sog\">#SOG<\/a>\u00a0<a class=\"label label-info\" href=\"https:\/\/www.spd-fraktion-mv.de\/thema\/populismus\">#Populismus<\/a>\u00a0<a class=\"label label-info\" href=\"https:\/\/www.spd-fraktion-mv.de\/thema\/mv\">#MV<\/a><\/div>\n<\/div>\n","protected":false},"excerpt":{"rendered":"<p>\u00a0Panikmache der CDU bringt Mecklenburg-Vorpommern nicht voran &#8211; Echte Sicherheit statt politischer Scharfmacherei Zur heutigen Pressemitteilung der CDU-Fraktion erkl\u00e4rt die innenpolitische Sprecherin der SPD-Landtagsfraktion, Martina Tegtmeier: \u201eDas aktuelle SOG gilt und bietet der Polizei in MV die Grundlage f\u00fcr ihre &hellip; <a href=\"https:\/\/www.martina-tegtmeier.de\/?p=2421\">Weiterlesen <span class=\"meta-nav\">&rarr;<\/span><\/a><\/p>\n","protected":false},"author":2,"featured_media":0,"comment_status":"closed","ping_status":"closed","sticky":false,"template":"","format":"standard","meta":{"footnotes":""},"categories":[8],"tags":[],"class_list":["post-2421","post","type-post","status-publish","format-standard","hentry","category-aktuelles"],"_links":{"self":[{"href":"https:\/\/www.martina-tegtmeier.de\/index.php?rest_route=\/wp\/v2\/posts\/2421","targetHints":{"allow":["GET"]}}],"collection":[{"href":"https:\/\/www.martina-tegtmeier.de\/index.php?rest_route=\/wp\/v2\/posts"}],"about":[{"href":"https:\/\/www.martina-tegtmeier.de\/index.php?rest_route=\/wp\/v2\/types\/post"}],"author":[{"embeddable":true,"href":"https:\/\/www.martina-tegtmeier.de\/index.php?rest_route=\/wp\/v2\/users\/2"}],"replies":[{"embeddable":true,"href":"https:\/\/www.martina-tegtmeier.de\/index.php?rest_route=%2Fwp%2Fv2%2Fcomments&post=2421"}],"version-history":[{"count":1,"href":"https:\/\/www.martina-tegtmeier.de\/index.php?rest_route=\/wp\/v2\/posts\/2421\/revisions"}],"predecessor-version":[{"id":2422,"href":"https:\/\/www.martina-tegtmeier.de\/index.php?rest_route=\/wp\/v2\/posts\/2421\/revisions\/2422"}],"wp:attachment":[{"href":"https:\/\/www.martina-tegtmeier.de\/index.php?rest_route=%2Fwp%2Fv2%2Fmedia&parent=2421"}],"wp:term":[{"taxonomy":"category","embeddable":true,"href":"https:\/\/www.martina-tegtmeier.de\/index.php?rest_route=%2Fwp%2Fv2%2Fcategories&post=2421"},{"taxonomy":"post_tag","embeddable":true,"href":"https:\/\/www.martina-tegtmeier.de\/index.php?rest_route=%2Fwp%2Fv2%2Ftags&post=2421"}],"curies":[{"name":"wp","href":"https:\/\/api.w.org\/{rel}","templated":true}]}}