{"id":2424,"date":"2025-01-20T08:35:10","date_gmt":"2025-01-20T08:35:10","guid":{"rendered":"https:\/\/www.martina-tegtmeier.de\/?p=2424"},"modified":"2025-02-07T12:28:19","modified_gmt":"2025-02-07T12:28:19","slug":"neujahrsempfang-auf-der-insel-poel-am-18-1-2025","status":"publish","type":"post","link":"https:\/\/www.martina-tegtmeier.de\/?p=2424","title":{"rendered":"Neujahrsempfang auf der Insel Poel am 18.1.2025"},"content":{"rendered":"<p>Am Samstagvormittag fand im Haus des Gastes auf der Insel Poel der Neujahrsempfang 2025 statt. Im Rahmen der Veranstaltung blickten die B\u00fcrgermeisterin der Insel Poel, Frau Gabriele Richter und der Vorsitzende der Gemeindevertretung, Herr Bodo K\u00f6pnick, auf das vergangene Jahr zur\u00fcck und gaben einen Ausblick auf die Herausforderungen und Veranstaltungen im Jahr 2025 \u2013 allen voran das diesj\u00e4hrige Landeserntedankfest, welches am 4. Und 5. Oktober gemeinsam mit der Hansestadt Wismar ausgerichtet und an beiden Orten durchgef\u00fchrt wird.<br \/>\nZahlreiche verdienstvolle B\u00fcrgerinnen und B\u00fcrger wurden in diesem w\u00fcrdevollen Rahmen f\u00fcr ihre Verdienste auf der Insel Poel geehrt.<br \/>\nEinziger Wermutstropfen war, nicht nur in meinen Augen, die Wahlkampfrede (anders kann man es nicht bezeichnen) einer\u00a0Bundestagskandidatin, die eigentlich als Gastrednerin eingeladen war.<\/p>\n<p><a href=\"https:\/\/www.martina-tegtmeier.de\/wp-content\/uploads\/2025\/01\/PXL_20250118_104350073-scaled.jpg\"><img loading=\"lazy\" decoding=\"async\" class=\"alignnone size-medium wp-image-2428\" src=\"https:\/\/www.martina-tegtmeier.de\/wp-content\/uploads\/2025\/01\/PXL_20250118_104350073-300x225.jpg\" alt=\"\" width=\"300\" height=\"225\" srcset=\"https:\/\/www.martina-tegtmeier.de\/wp-content\/uploads\/2025\/01\/PXL_20250118_104350073-300x225.jpg 300w, https:\/\/www.martina-tegtmeier.de\/wp-content\/uploads\/2025\/01\/PXL_20250118_104350073-1024x769.jpg 1024w, https:\/\/www.martina-tegtmeier.de\/wp-content\/uploads\/2025\/01\/PXL_20250118_104350073-768x577.jpg 768w, https:\/\/www.martina-tegtmeier.de\/wp-content\/uploads\/2025\/01\/PXL_20250118_104350073-1536x1153.jpg 1536w, https:\/\/www.martina-tegtmeier.de\/wp-content\/uploads\/2025\/01\/PXL_20250118_104350073-2048x1538.jpg 2048w\" sizes=\"auto, (max-width: 300px) 100vw, 300px\" \/><\/a><a href=\"https:\/\/www.martina-tegtmeier.de\/wp-content\/uploads\/2025\/01\/PXL_20250118_090437267.MP2_-scaled.jpg\"><img loading=\"lazy\" decoding=\"async\" class=\"alignnone size-medium wp-image-2431\" src=\"https:\/\/www.martina-tegtmeier.de\/wp-content\/uploads\/2025\/01\/PXL_20250118_090437267.MP2_-300x158.jpg\" alt=\"\" width=\"300\" height=\"158\" srcset=\"https:\/\/www.martina-tegtmeier.de\/wp-content\/uploads\/2025\/01\/PXL_20250118_090437267.MP2_-300x158.jpg 300w, https:\/\/www.martina-tegtmeier.de\/wp-content\/uploads\/2025\/01\/PXL_20250118_090437267.MP2_-1024x541.jpg 1024w, https:\/\/www.martina-tegtmeier.de\/wp-content\/uploads\/2025\/01\/PXL_20250118_090437267.MP2_-768x406.jpg 768w, https:\/\/www.martina-tegtmeier.de\/wp-content\/uploads\/2025\/01\/PXL_20250118_090437267.MP2_-1536x812.jpg 1536w, https:\/\/www.martina-tegtmeier.de\/wp-content\/uploads\/2025\/01\/PXL_20250118_090437267.MP2_-2048x1082.jpg 2048w\" sizes=\"auto, (max-width: 300px) 100vw, 300px\" \/><\/a><\/p>\n<p>&nbsp;<\/p>\n","protected":false},"excerpt":{"rendered":"<p>Am Samstagvormittag fand im Haus des Gastes auf der Insel Poel der Neujahrsempfang 2025 statt. Im Rahmen der Veranstaltung blickten die B\u00fcrgermeisterin der Insel Poel, Frau Gabriele Richter und der Vorsitzende der Gemeindevertretung, Herr Bodo K\u00f6pnick, auf das vergangene Jahr &hellip; <a href=\"https:\/\/www.martina-tegtmeier.de\/?p=2424\">Weiterlesen <span class=\"meta-nav\">&rarr;<\/span><\/a><\/p>\n","protected":false},"author":2,"featured_media":0,"comment_status":"closed","ping_status":"closed","sticky":false,"template":"","format":"standard","meta":{"footnotes":""},"categories":[9],"tags":[],"class_list":["post-2424","post","type-post","status-publish","format-standard","hentry","category-aktivitaeten"],"_links":{"self":[{"href":"https:\/\/www.martina-tegtmeier.de\/index.php?rest_route=\/wp\/v2\/posts\/2424","targetHints":{"allow":["GET"]}}],"collection":[{"href":"https:\/\/www.martina-tegtmeier.de\/index.php?rest_route=\/wp\/v2\/posts"}],"about":[{"href":"https:\/\/www.martina-tegtmeier.de\/index.php?rest_route=\/wp\/v2\/types\/post"}],"author":[{"embeddable":true,"href":"https:\/\/www.martina-tegtmeier.de\/index.php?rest_route=\/wp\/v2\/users\/2"}],"replies":[{"embeddable":true,"href":"https:\/\/www.martina-tegtmeier.de\/index.php?rest_route=%2Fwp%2Fv2%2Fcomments&post=2424"}],"version-history":[{"count":3,"href":"https:\/\/www.martina-tegtmeier.de\/index.php?rest_route=\/wp\/v2\/posts\/2424\/revisions"}],"predecessor-version":[{"id":2448,"href":"https:\/\/www.martina-tegtmeier.de\/index.php?rest_route=\/wp\/v2\/posts\/2424\/revisions\/2448"}],"wp:attachment":[{"href":"https:\/\/www.martina-tegtmeier.de\/index.php?rest_route=%2Fwp%2Fv2%2Fmedia&parent=2424"}],"wp:term":[{"taxonomy":"category","embeddable":true,"href":"https:\/\/www.martina-tegtmeier.de\/index.php?rest_route=%2Fwp%2Fv2%2Fcategories&post=2424"},{"taxonomy":"post_tag","embeddable":true,"href":"https:\/\/www.martina-tegtmeier.de\/index.php?rest_route=%2Fwp%2Fv2%2Ftags&post=2424"}],"curies":[{"name":"wp","href":"https:\/\/api.w.org\/{rel}","templated":true}]}}