{"id":2510,"date":"2025-07-14T06:52:35","date_gmt":"2025-07-14T06:52:35","guid":{"rendered":"https:\/\/www.martina-tegtmeier.de\/?p=2510"},"modified":"2025-07-14T06:52:35","modified_gmt":"2025-07-14T06:52:35","slug":"karl-august-baum-gedenklauf-in-gadebusch","status":"publish","type":"post","link":"https:\/\/www.martina-tegtmeier.de\/?p=2510","title":{"rendered":"Karl &#8211; August Baum Gedenklauf in Gadebusch"},"content":{"rendered":"<p>Am gestrigen Sonntag wurde es sportlich, zwar nicht f\u00fcr mich, aber f\u00fcr ganz viele L\u00e4uferinnen und L\u00e4ufer beim Karl &#8211; August Baum Gedenklauf in Gadebusch.<\/p>\n<p>Wer war Karl-August Baum? Er war eine Trainerlegende der TSG Gadebusch sowie Ehrenb\u00fcrger der Stadt Gadebusch und Entdecker von Siegfried Stark, der wiederum ein Leichtathlet und Olympiateilnehmer, der \u2013 f\u00fcr die DDR startend \u2013 in den 1970er und 1980er Jahren als Zehnk\u00e4mpfer erfolgreich war.<\/p>\n<p>Sehr emotional wurde es bereits vor dem ersten Startschuss der L\u00e4ufe bzw., Walking \u00fcber verschiedene Distanzen.<\/p>\n<p>Die Tochter der Trainerlegende, Jana M\u00fcller \u2013 Schmidt, war \u00fcberw\u00e4ltigt von der Teilnehmerzahl (fast 250 Anmeldungen) und k\u00e4mpfte mit den Tr\u00e4nen.<\/p>\n<p>Ein ganz gro\u00dfes Lob an den Initiator und Organisator Norman Buchfink, der die Idee hatte diesen Spendenlauf, im Rahmen der 800 Jahrfeier von Gadebusch, mit seinen zahlreichen Helferinnen und Helfern ins Leben zu rufen. Ich glaube, es k\u00f6nnte zu einer Tradition f\u00fcr Gadebusch werden.<\/p>\n<p><a href=\"https:\/\/www.martina-tegtmeier.de\/wp-content\/uploads\/2025\/07\/PXL_20250713_111955196.MP_-scaled.jpg\"><img loading=\"lazy\" decoding=\"async\" class=\"alignnone size-medium wp-image-2511\" src=\"https:\/\/www.martina-tegtmeier.de\/wp-content\/uploads\/2025\/07\/PXL_20250713_111955196.MP_-225x300.jpg\" alt=\"\" width=\"225\" height=\"300\" srcset=\"https:\/\/www.martina-tegtmeier.de\/wp-content\/uploads\/2025\/07\/PXL_20250713_111955196.MP_-225x300.jpg 225w, https:\/\/www.martina-tegtmeier.de\/wp-content\/uploads\/2025\/07\/PXL_20250713_111955196.MP_-769x1024.jpg 769w, https:\/\/www.martina-tegtmeier.de\/wp-content\/uploads\/2025\/07\/PXL_20250713_111955196.MP_-768x1023.jpg 768w, https:\/\/www.martina-tegtmeier.de\/wp-content\/uploads\/2025\/07\/PXL_20250713_111955196.MP_-1153x1536.jpg 1153w, https:\/\/www.martina-tegtmeier.de\/wp-content\/uploads\/2025\/07\/PXL_20250713_111955196.MP_-1538x2048.jpg 1538w, https:\/\/www.martina-tegtmeier.de\/wp-content\/uploads\/2025\/07\/PXL_20250713_111955196.MP_-scaled.jpg 1922w\" sizes=\"auto, (max-width: 225px) 100vw, 225px\" \/><\/a> <a href=\"https:\/\/www.martina-tegtmeier.de\/wp-content\/uploads\/2025\/07\/PXL_20250713_113217688-scaled.jpg\"><img loading=\"lazy\" decoding=\"async\" class=\"alignnone size-medium wp-image-2512\" src=\"https:\/\/www.martina-tegtmeier.de\/wp-content\/uploads\/2025\/07\/PXL_20250713_113217688-225x300.jpg\" alt=\"\" width=\"225\" height=\"300\" srcset=\"https:\/\/www.martina-tegtmeier.de\/wp-content\/uploads\/2025\/07\/PXL_20250713_113217688-225x300.jpg 225w, https:\/\/www.martina-tegtmeier.de\/wp-content\/uploads\/2025\/07\/PXL_20250713_113217688-769x1024.jpg 769w, https:\/\/www.martina-tegtmeier.de\/wp-content\/uploads\/2025\/07\/PXL_20250713_113217688-768x1023.jpg 768w, https:\/\/www.martina-tegtmeier.de\/wp-content\/uploads\/2025\/07\/PXL_20250713_113217688-1153x1536.jpg 1153w, https:\/\/www.martina-tegtmeier.de\/wp-content\/uploads\/2025\/07\/PXL_20250713_113217688-1538x2048.jpg 1538w, https:\/\/www.martina-tegtmeier.de\/wp-content\/uploads\/2025\/07\/PXL_20250713_113217688-scaled.jpg 1922w\" sizes=\"auto, (max-width: 225px) 100vw, 225px\" \/><\/a> <a href=\"https:\/\/www.martina-tegtmeier.de\/wp-content\/uploads\/2025\/07\/PXL_20250713_113540209.MP_-scaled.jpg\"><img loading=\"lazy\" decoding=\"async\" class=\"alignnone size-medium wp-image-2513\" src=\"https:\/\/www.martina-tegtmeier.de\/wp-content\/uploads\/2025\/07\/PXL_20250713_113540209.MP_-225x300.jpg\" alt=\"\" width=\"225\" height=\"300\" srcset=\"https:\/\/www.martina-tegtmeier.de\/wp-content\/uploads\/2025\/07\/PXL_20250713_113540209.MP_-225x300.jpg 225w, https:\/\/www.martina-tegtmeier.de\/wp-content\/uploads\/2025\/07\/PXL_20250713_113540209.MP_-769x1024.jpg 769w, https:\/\/www.martina-tegtmeier.de\/wp-content\/uploads\/2025\/07\/PXL_20250713_113540209.MP_-768x1023.jpg 768w, https:\/\/www.martina-tegtmeier.de\/wp-content\/uploads\/2025\/07\/PXL_20250713_113540209.MP_-1153x1536.jpg 1153w, https:\/\/www.martina-tegtmeier.de\/wp-content\/uploads\/2025\/07\/PXL_20250713_113540209.MP_-1538x2048.jpg 1538w, https:\/\/www.martina-tegtmeier.de\/wp-content\/uploads\/2025\/07\/PXL_20250713_113540209.MP_-scaled.jpg 1922w\" sizes=\"auto, (max-width: 225px) 100vw, 225px\" \/><\/a><\/p>\n","protected":false},"excerpt":{"rendered":"<p>Am gestrigen Sonntag wurde es sportlich, zwar nicht f\u00fcr mich, aber f\u00fcr ganz viele L\u00e4uferinnen und L\u00e4ufer beim Karl &#8211; August Baum Gedenklauf in Gadebusch. Wer war Karl-August Baum? Er war eine Trainerlegende der TSG Gadebusch sowie Ehrenb\u00fcrger der Stadt &hellip; <a href=\"https:\/\/www.martina-tegtmeier.de\/?p=2510\">Weiterlesen <span class=\"meta-nav\">&rarr;<\/span><\/a><\/p>\n","protected":false},"author":2,"featured_media":0,"comment_status":"closed","ping_status":"closed","sticky":false,"template":"","format":"standard","meta":{"footnotes":""},"categories":[9],"tags":[],"class_list":["post-2510","post","type-post","status-publish","format-standard","hentry","category-aktivitaeten"],"_links":{"self":[{"href":"https:\/\/www.martina-tegtmeier.de\/index.php?rest_route=\/wp\/v2\/posts\/2510","targetHints":{"allow":["GET"]}}],"collection":[{"href":"https:\/\/www.martina-tegtmeier.de\/index.php?rest_route=\/wp\/v2\/posts"}],"about":[{"href":"https:\/\/www.martina-tegtmeier.de\/index.php?rest_route=\/wp\/v2\/types\/post"}],"author":[{"embeddable":true,"href":"https:\/\/www.martina-tegtmeier.de\/index.php?rest_route=\/wp\/v2\/users\/2"}],"replies":[{"embeddable":true,"href":"https:\/\/www.martina-tegtmeier.de\/index.php?rest_route=%2Fwp%2Fv2%2Fcomments&post=2510"}],"version-history":[{"count":1,"href":"https:\/\/www.martina-tegtmeier.de\/index.php?rest_route=\/wp\/v2\/posts\/2510\/revisions"}],"predecessor-version":[{"id":2514,"href":"https:\/\/www.martina-tegtmeier.de\/index.php?rest_route=\/wp\/v2\/posts\/2510\/revisions\/2514"}],"wp:attachment":[{"href":"https:\/\/www.martina-tegtmeier.de\/index.php?rest_route=%2Fwp%2Fv2%2Fmedia&parent=2510"}],"wp:term":[{"taxonomy":"category","embeddable":true,"href":"https:\/\/www.martina-tegtmeier.de\/index.php?rest_route=%2Fwp%2Fv2%2Fcategories&post=2510"},{"taxonomy":"post_tag","embeddable":true,"href":"https:\/\/www.martina-tegtmeier.de\/index.php?rest_route=%2Fwp%2Fv2%2Ftags&post=2510"}],"curies":[{"name":"wp","href":"https:\/\/api.w.org\/{rel}","templated":true}]}}