{"id":2517,"date":"2025-07-18T08:05:00","date_gmt":"2025-07-18T08:05:00","guid":{"rendered":"https:\/\/www.martina-tegtmeier.de\/?p=2517"},"modified":"2025-07-18T08:05:00","modified_gmt":"2025-07-18T08:05:00","slug":"pressemitteilung-vom-18-7-2025-antrag-beschlossen-kinderschutz-staerken-ermittlungsbehoerden-wirksam-ausstatten","status":"publish","type":"post","link":"https:\/\/www.martina-tegtmeier.de\/?p=2517","title":{"rendered":"Pressemitteilung vom 18.7.2025 &#8211; Antrag beschlossen: Kinderschutz st\u00e4rken \u2013 Ermittlungsbeh\u00f6rden wirksam ausstatten"},"content":{"rendered":"<div class=\"page-header\">\n<h2>Antrag beschlossen: Kinderschutz st\u00e4rken \u2013 Ermittlungsbeh\u00f6rden wirksam ausstatten<\/h2>\n<\/div>\n<div class=\"article\">\n<p>Die SPD-Landtagsfraktion setzt sich gemeinsam mit der Linksfraktion f\u00fcr eine Reform des Bundesmeldegesetzes ein. Ziel ist es, polizeilichen Ermittlern in F\u00e4llen sexualisierter Gewalt gegen Kinder einen besseren Zugriff auf relevante Meldedaten zu erm\u00f6glichen. Insbesondere dann, wenn es sich um fragmentierte Hinweise auf bislang unbekannte T\u00e4ter handelt. Ein entsprechender Antrag wurde in den Landtag eingebracht und beschlossen.<\/p>\n<p><strong>Martina Tegtmeier<\/strong>, innenpolitische Sprecherin der SPD-Fraktion, erkl\u00e4rt:<\/p>\n<p>\u201eWenn Kinder in Gefahr sind, darf der Staat nicht zuschauen. Es kann nicht sein, dass Ermittlungen gegen potenzielle T\u00e4ter an technischen oder rechtlichen H\u00fcrden scheitern, nur weil die vorhandenen Daten nicht verkn\u00fcpft werden d\u00fcrfen. Wir wollen, dass bei konkretem Verdacht auch fragmentierte Informationen ausreichen, um gef\u00e4hrdete Kinder zu identifizieren und zu sch\u00fctzen.\u201c<\/p>\n<p>In der Praxis sto\u00dfen Ermittlungsbeh\u00f6rden regelm\u00e4\u00dfig auf Hinweise in einschl\u00e4gigen Online-Foren \u2013 etwa zu Namen, Geburtsdaten oder famili\u00e4ren Zusammenh\u00e4ngen. Das Problem ist:<\/p>\n<p>Die vorliegenden Daten sind nicht verkn\u00fcpfbar und k\u00f6nnen im automatisierten Verfahren nur zu konkret bestimmten Einzelpersonen abgefragt werden. Daten zu minderj\u00e4hrigen Personen d\u00fcrfen zudem nicht abgefragt werden. Eine effektive Ermittlungsarbeit wird dadurch erheblich erschwert oder unm\u00f6glich gemacht \u2013 zulasten des Kinderschutzes.<\/p>\n<p>\u201eMecklenburg-Vorpommern \u00fcbernimmt Verantwortung und sendet ein starkes politisches Signal. Wir wollen, dass T\u00e4ter verfolgt und Kinder gesch\u00fctzt werden\u201c, betont Martina Tegtmeier.<\/p>\n<p>Der Antrag fordert die Landesregierung auf, sich im Bund daf\u00fcr einzusetzen, dass das Bundesmeldegesetz entsprechend angepasst wird, mit dem Ziel, automatisierte Suchen bei konkreten Gef\u00e4hrdungslagen zu erm\u00f6glichen.<\/p>\n<\/div>\n","protected":false},"excerpt":{"rendered":"<p>Antrag beschlossen: Kinderschutz st\u00e4rken \u2013 Ermittlungsbeh\u00f6rden wirksam ausstatten Die SPD-Landtagsfraktion setzt sich gemeinsam mit der Linksfraktion f\u00fcr eine Reform des Bundesmeldegesetzes ein. Ziel ist es, polizeilichen Ermittlern in F\u00e4llen sexualisierter Gewalt gegen Kinder einen besseren Zugriff auf relevante Meldedaten zu &hellip; <a href=\"https:\/\/www.martina-tegtmeier.de\/?p=2517\">Weiterlesen <span class=\"meta-nav\">&rarr;<\/span><\/a><\/p>\n","protected":false},"author":2,"featured_media":0,"comment_status":"closed","ping_status":"closed","sticky":false,"template":"","format":"standard","meta":{"footnotes":""},"categories":[8],"tags":[],"class_list":["post-2517","post","type-post","status-publish","format-standard","hentry","category-aktuelles"],"_links":{"self":[{"href":"https:\/\/www.martina-tegtmeier.de\/index.php?rest_route=\/wp\/v2\/posts\/2517","targetHints":{"allow":["GET"]}}],"collection":[{"href":"https:\/\/www.martina-tegtmeier.de\/index.php?rest_route=\/wp\/v2\/posts"}],"about":[{"href":"https:\/\/www.martina-tegtmeier.de\/index.php?rest_route=\/wp\/v2\/types\/post"}],"author":[{"embeddable":true,"href":"https:\/\/www.martina-tegtmeier.de\/index.php?rest_route=\/wp\/v2\/users\/2"}],"replies":[{"embeddable":true,"href":"https:\/\/www.martina-tegtmeier.de\/index.php?rest_route=%2Fwp%2Fv2%2Fcomments&post=2517"}],"version-history":[{"count":1,"href":"https:\/\/www.martina-tegtmeier.de\/index.php?rest_route=\/wp\/v2\/posts\/2517\/revisions"}],"predecessor-version":[{"id":2518,"href":"https:\/\/www.martina-tegtmeier.de\/index.php?rest_route=\/wp\/v2\/posts\/2517\/revisions\/2518"}],"wp:attachment":[{"href":"https:\/\/www.martina-tegtmeier.de\/index.php?rest_route=%2Fwp%2Fv2%2Fmedia&parent=2517"}],"wp:term":[{"taxonomy":"category","embeddable":true,"href":"https:\/\/www.martina-tegtmeier.de\/index.php?rest_route=%2Fwp%2Fv2%2Fcategories&post=2517"},{"taxonomy":"post_tag","embeddable":true,"href":"https:\/\/www.martina-tegtmeier.de\/index.php?rest_route=%2Fwp%2Fv2%2Ftags&post=2517"}],"curies":[{"name":"wp","href":"https:\/\/api.w.org\/{rel}","templated":true}]}}