{"id":2531,"date":"2025-09-15T07:47:02","date_gmt":"2025-09-15T07:47:02","guid":{"rendered":"https:\/\/www.martina-tegtmeier.de\/?p=2531"},"modified":"2025-09-15T07:47:02","modified_gmt":"2025-09-15T07:47:02","slug":"besuch-der-windenergieanlagen-in-rieps","status":"publish","type":"post","link":"https:\/\/www.martina-tegtmeier.de\/?p=2531","title":{"rendered":"Besuch der Windenergieanlagen in Rieps"},"content":{"rendered":"<p>Gemeinsam mit Herrn Baumgart, kaufm\u00e4nnischer Vorstand der\u00a0<span class=\"hiddenSpellError\">Wemag<\/span>\u00a0AG, Herrn Hinrichs, einer der Gesch\u00e4ftsf\u00fchrer der\u00a0<span class=\"hiddenSpellError\">mea<\/span>\u00a0Energieagentur\u00a0Mecklenburg-Vorpommern GmbH und dem technischen Betriebsf\u00fchrer Herrn Thoralf Taft, besuchte ich den Windpark Rieps.<br \/>\nAls Abgeordnete des Landtages von Mecklenburg \u2013 Vorpommern bin ich h\u00e4ufig mit Kritik am Ausbau unserer Windenergie konfrontiert, wobei mir die f\u00fcr die B\u00fcrgerinnen und B\u00fcrger angeblichen gesundheitlichen Risiken insbesondere von Schattenschlag, Schall und Infraschall entgegengehalten werden. Ebenso wird die schwierige und teure Entsorgung nicht recyclef\u00e4higer Materialien und die mangelnden Speicherm\u00f6glichkeiten angesprochen.<br \/>\nViele Fragen auf die ich, f\u00fcr mich, zufriedenstellende Antworten bekommen habe.<br \/>\nDer Windpark Rieps speiste im Jahr 2024, 69.852.734\u00a0<span class=\"hiddenGrammarError\">KWh<\/span>\u00a0ein, die\u00a0<span class=\"hiddenGrammarError\">\u201e<\/span>Windenergieanlage 2\u00a0<span class=\"hiddenGrammarError\">\u201e<\/span>die wir uns angeschaut haben, hat im letzten Jahr 8.520.201\u00a0<span class=\"hiddenGrammarError\">KWh<\/span>\u00a0eingespeist. Wenn man den Verbrauch eines Einfamilienhauses von 4.000\u00a0<span class=\"hiddenGrammarError\">KWh<\/span>\u00a0als Richtwert nimmt, k\u00f6nnte man mit den 8 Millionen\u00a0<span class=\"hiddenSpellError\">KWh<\/span>\u00a0rechnerisch 2000 Einfamilienh\u00e4user 1 Jahr lang mit Strom versorgen.<\/p>\n<p><a href=\"https:\/\/www.martina-tegtmeier.de\/wp-content\/uploads\/2025\/09\/PXL_20250905_073919943.MP_-scaled.jpg\"><img loading=\"lazy\" decoding=\"async\" class=\"alignnone size-medium wp-image-2532\" src=\"https:\/\/www.martina-tegtmeier.de\/wp-content\/uploads\/2025\/09\/PXL_20250905_073919943.MP_-225x300.jpg\" alt=\"\" width=\"225\" height=\"300\" srcset=\"https:\/\/www.martina-tegtmeier.de\/wp-content\/uploads\/2025\/09\/PXL_20250905_073919943.MP_-225x300.jpg 225w, https:\/\/www.martina-tegtmeier.de\/wp-content\/uploads\/2025\/09\/PXL_20250905_073919943.MP_-769x1024.jpg 769w, https:\/\/www.martina-tegtmeier.de\/wp-content\/uploads\/2025\/09\/PXL_20250905_073919943.MP_-768x1023.jpg 768w, https:\/\/www.martina-tegtmeier.de\/wp-content\/uploads\/2025\/09\/PXL_20250905_073919943.MP_-1153x1536.jpg 1153w, https:\/\/www.martina-tegtmeier.de\/wp-content\/uploads\/2025\/09\/PXL_20250905_073919943.MP_-1538x2048.jpg 1538w, https:\/\/www.martina-tegtmeier.de\/wp-content\/uploads\/2025\/09\/PXL_20250905_073919943.MP_-scaled.jpg 1922w\" sizes=\"auto, (max-width: 225px) 100vw, 225px\" \/><\/a> <a href=\"https:\/\/www.martina-tegtmeier.de\/wp-content\/uploads\/2025\/09\/PXL_20250905_085530680.MP_-scaled.jpg\"><img loading=\"lazy\" decoding=\"async\" class=\"alignnone size-medium wp-image-2533\" src=\"https:\/\/www.martina-tegtmeier.de\/wp-content\/uploads\/2025\/09\/PXL_20250905_085530680.MP_-225x300.jpg\" alt=\"\" width=\"225\" height=\"300\" srcset=\"https:\/\/www.martina-tegtmeier.de\/wp-content\/uploads\/2025\/09\/PXL_20250905_085530680.MP_-225x300.jpg 225w, https:\/\/www.martina-tegtmeier.de\/wp-content\/uploads\/2025\/09\/PXL_20250905_085530680.MP_-769x1024.jpg 769w, https:\/\/www.martina-tegtmeier.de\/wp-content\/uploads\/2025\/09\/PXL_20250905_085530680.MP_-768x1023.jpg 768w, https:\/\/www.martina-tegtmeier.de\/wp-content\/uploads\/2025\/09\/PXL_20250905_085530680.MP_-1153x1536.jpg 1153w, https:\/\/www.martina-tegtmeier.de\/wp-content\/uploads\/2025\/09\/PXL_20250905_085530680.MP_-1538x2048.jpg 1538w, https:\/\/www.martina-tegtmeier.de\/wp-content\/uploads\/2025\/09\/PXL_20250905_085530680.MP_-scaled.jpg 1922w\" sizes=\"auto, (max-width: 225px) 100vw, 225px\" \/><\/a><a href=\"https:\/\/www.martina-tegtmeier.de\/wp-content\/uploads\/2025\/09\/PXL_20250905_091108335-scaled.jpg\"><img loading=\"lazy\" decoding=\"async\" class=\"alignnone size-medium wp-image-2535\" src=\"https:\/\/www.martina-tegtmeier.de\/wp-content\/uploads\/2025\/09\/PXL_20250905_091108335-225x300.jpg\" alt=\"\" width=\"225\" height=\"300\" srcset=\"https:\/\/www.martina-tegtmeier.de\/wp-content\/uploads\/2025\/09\/PXL_20250905_091108335-225x300.jpg 225w, https:\/\/www.martina-tegtmeier.de\/wp-content\/uploads\/2025\/09\/PXL_20250905_091108335-769x1024.jpg 769w, https:\/\/www.martina-tegtmeier.de\/wp-content\/uploads\/2025\/09\/PXL_20250905_091108335-768x1023.jpg 768w, https:\/\/www.martina-tegtmeier.de\/wp-content\/uploads\/2025\/09\/PXL_20250905_091108335-1153x1536.jpg 1153w, https:\/\/www.martina-tegtmeier.de\/wp-content\/uploads\/2025\/09\/PXL_20250905_091108335-1538x2048.jpg 1538w, https:\/\/www.martina-tegtmeier.de\/wp-content\/uploads\/2025\/09\/PXL_20250905_091108335-scaled.jpg 1922w\" sizes=\"auto, (max-width: 225px) 100vw, 225px\" \/><\/a><\/p>\n<p>&nbsp;<\/p>\n","protected":false},"excerpt":{"rendered":"<p>Gemeinsam mit Herrn Baumgart, kaufm\u00e4nnischer Vorstand der\u00a0Wemag\u00a0AG, Herrn Hinrichs, einer der Gesch\u00e4ftsf\u00fchrer der\u00a0mea\u00a0Energieagentur\u00a0Mecklenburg-Vorpommern GmbH und dem technischen Betriebsf\u00fchrer Herrn Thoralf Taft, besuchte ich den Windpark Rieps. Als Abgeordnete des Landtages von Mecklenburg \u2013 Vorpommern bin ich h\u00e4ufig mit Kritik am &hellip; <a href=\"https:\/\/www.martina-tegtmeier.de\/?p=2531\">Weiterlesen <span class=\"meta-nav\">&rarr;<\/span><\/a><\/p>\n","protected":false},"author":2,"featured_media":0,"comment_status":"closed","ping_status":"closed","sticky":false,"template":"","format":"standard","meta":{"footnotes":""},"categories":[9],"tags":[],"class_list":["post-2531","post","type-post","status-publish","format-standard","hentry","category-aktivitaeten"],"_links":{"self":[{"href":"https:\/\/www.martina-tegtmeier.de\/index.php?rest_route=\/wp\/v2\/posts\/2531","targetHints":{"allow":["GET"]}}],"collection":[{"href":"https:\/\/www.martina-tegtmeier.de\/index.php?rest_route=\/wp\/v2\/posts"}],"about":[{"href":"https:\/\/www.martina-tegtmeier.de\/index.php?rest_route=\/wp\/v2\/types\/post"}],"author":[{"embeddable":true,"href":"https:\/\/www.martina-tegtmeier.de\/index.php?rest_route=\/wp\/v2\/users\/2"}],"replies":[{"embeddable":true,"href":"https:\/\/www.martina-tegtmeier.de\/index.php?rest_route=%2Fwp%2Fv2%2Fcomments&post=2531"}],"version-history":[{"count":1,"href":"https:\/\/www.martina-tegtmeier.de\/index.php?rest_route=\/wp\/v2\/posts\/2531\/revisions"}],"predecessor-version":[{"id":2536,"href":"https:\/\/www.martina-tegtmeier.de\/index.php?rest_route=\/wp\/v2\/posts\/2531\/revisions\/2536"}],"wp:attachment":[{"href":"https:\/\/www.martina-tegtmeier.de\/index.php?rest_route=%2Fwp%2Fv2%2Fmedia&parent=2531"}],"wp:term":[{"taxonomy":"category","embeddable":true,"href":"https:\/\/www.martina-tegtmeier.de\/index.php?rest_route=%2Fwp%2Fv2%2Fcategories&post=2531"},{"taxonomy":"post_tag","embeddable":true,"href":"https:\/\/www.martina-tegtmeier.de\/index.php?rest_route=%2Fwp%2Fv2%2Ftags&post=2531"}],"curies":[{"name":"wp","href":"https:\/\/api.w.org\/{rel}","templated":true}]}}