{"id":2537,"date":"2025-09-22T06:16:59","date_gmt":"2025-09-22T06:16:59","guid":{"rendered":"https:\/\/www.martina-tegtmeier.de\/?p=2537"},"modified":"2025-09-22T06:16:59","modified_gmt":"2025-09-22T06:16:59","slug":"foerderbescheid-uebergabe-an-die-freiwillige-feuerwehr-luetzow","status":"publish","type":"post","link":"https:\/\/www.martina-tegtmeier.de\/?p=2537","title":{"rendered":"F\u00f6rderbescheid \u00dcbergabe an die Freiwillige Feuerwehr L\u00fctzow"},"content":{"rendered":"<div dir=\"auto\">Am Freitag \u00fcbergab der Innenminister des Landes Mecklenburg \u2013 Vorpommern, Christian Pegel, einen F\u00f6rderbescheid in H\u00f6he von 200.000 Euro f\u00fcr die Ersatzbeschaffung eines Tankl\u00f6schfahrzeuges 3000. Jetzt kann der LO der Marke Robur aus dem Jahr 1983 in den verdienten \u201eEinsatz Ruhestand\u201c gehen.Ein Dankesch\u00f6n bekam der Innenminister in Form eines Miniatur LO f\u00fcr die Unterst\u00fctzung der Gemeinde L\u00fctzow und der Freiwilligen Feuerwehr L\u00fctzow, vom B\u00fcrgermeister der Gemeinde L\u00fctzow, Tino Waldraff, \u00fcberreicht.<\/div>\n<div dir=\"auto\">Der Innenminister lie\u00df es sich nicht nehmen und fuhr eine letzte Runde mit dem LO, gemeinsam mit dem Ger\u00e4tewart Ole Bannow.<\/div>\n<div dir=\"auto\"><a href=\"https:\/\/www.martina-tegtmeier.de\/wp-content\/uploads\/2025\/09\/PXL_20250919_102205072.MP_-scaled.jpg\"><img loading=\"lazy\" decoding=\"async\" class=\"alignnone size-medium wp-image-2538\" src=\"https:\/\/www.martina-tegtmeier.de\/wp-content\/uploads\/2025\/09\/PXL_20250919_102205072.MP_-300x225.jpg\" alt=\"\" width=\"300\" height=\"225\" srcset=\"https:\/\/www.martina-tegtmeier.de\/wp-content\/uploads\/2025\/09\/PXL_20250919_102205072.MP_-300x225.jpg 300w, https:\/\/www.martina-tegtmeier.de\/wp-content\/uploads\/2025\/09\/PXL_20250919_102205072.MP_-1024x769.jpg 1024w, https:\/\/www.martina-tegtmeier.de\/wp-content\/uploads\/2025\/09\/PXL_20250919_102205072.MP_-768x577.jpg 768w, https:\/\/www.martina-tegtmeier.de\/wp-content\/uploads\/2025\/09\/PXL_20250919_102205072.MP_-1536x1153.jpg 1536w, https:\/\/www.martina-tegtmeier.de\/wp-content\/uploads\/2025\/09\/PXL_20250919_102205072.MP_-2048x1538.jpg 2048w\" sizes=\"auto, (max-width: 300px) 100vw, 300px\" \/><\/a> <a href=\"https:\/\/www.martina-tegtmeier.de\/wp-content\/uploads\/2025\/09\/PXL_20250919_102436216.MP_-scaled.jpg\"><img loading=\"lazy\" decoding=\"async\" class=\"alignnone size-medium wp-image-2539\" src=\"https:\/\/www.martina-tegtmeier.de\/wp-content\/uploads\/2025\/09\/PXL_20250919_102436216.MP_-300x225.jpg\" alt=\"\" width=\"300\" height=\"225\" srcset=\"https:\/\/www.martina-tegtmeier.de\/wp-content\/uploads\/2025\/09\/PXL_20250919_102436216.MP_-300x225.jpg 300w, https:\/\/www.martina-tegtmeier.de\/wp-content\/uploads\/2025\/09\/PXL_20250919_102436216.MP_-1024x769.jpg 1024w, https:\/\/www.martina-tegtmeier.de\/wp-content\/uploads\/2025\/09\/PXL_20250919_102436216.MP_-768x577.jpg 768w, https:\/\/www.martina-tegtmeier.de\/wp-content\/uploads\/2025\/09\/PXL_20250919_102436216.MP_-1536x1153.jpg 1536w, https:\/\/www.martina-tegtmeier.de\/wp-content\/uploads\/2025\/09\/PXL_20250919_102436216.MP_-2048x1538.jpg 2048w\" sizes=\"auto, (max-width: 300px) 100vw, 300px\" \/><\/a><a href=\"https:\/\/www.martina-tegtmeier.de\/wp-content\/uploads\/2025\/09\/IMG_7738-scaled.jpeg\"><img loading=\"lazy\" decoding=\"async\" class=\"alignnone size-medium wp-image-2540\" src=\"https:\/\/www.martina-tegtmeier.de\/wp-content\/uploads\/2025\/09\/IMG_7738-225x300.jpeg\" alt=\"\" width=\"225\" height=\"300\" srcset=\"https:\/\/www.martina-tegtmeier.de\/wp-content\/uploads\/2025\/09\/IMG_7738-225x300.jpeg 225w, https:\/\/www.martina-tegtmeier.de\/wp-content\/uploads\/2025\/09\/IMG_7738-768x1024.jpeg 768w, https:\/\/www.martina-tegtmeier.de\/wp-content\/uploads\/2025\/09\/IMG_7738-1152x1536.jpeg 1152w, https:\/\/www.martina-tegtmeier.de\/wp-content\/uploads\/2025\/09\/IMG_7738-1536x2048.jpeg 1536w, https:\/\/www.martina-tegtmeier.de\/wp-content\/uploads\/2025\/09\/IMG_7738-scaled.jpeg 1920w\" sizes=\"auto, (max-width: 225px) 100vw, 225px\" \/><\/a><\/div>\n","protected":false},"excerpt":{"rendered":"<p>Am Freitag \u00fcbergab der Innenminister des Landes Mecklenburg \u2013 Vorpommern, Christian Pegel, einen F\u00f6rderbescheid in H\u00f6he von 200.000 Euro f\u00fcr die Ersatzbeschaffung eines Tankl\u00f6schfahrzeuges 3000. Jetzt kann der LO der Marke Robur aus dem Jahr 1983 in den verdienten \u201eEinsatz &hellip; <a href=\"https:\/\/www.martina-tegtmeier.de\/?p=2537\">Weiterlesen <span class=\"meta-nav\">&rarr;<\/span><\/a><\/p>\n","protected":false},"author":2,"featured_media":0,"comment_status":"closed","ping_status":"closed","sticky":false,"template":"","format":"standard","meta":{"footnotes":""},"categories":[9,8],"tags":[],"class_list":["post-2537","post","type-post","status-publish","format-standard","hentry","category-aktivitaeten","category-aktuelles"],"_links":{"self":[{"href":"https:\/\/www.martina-tegtmeier.de\/index.php?rest_route=\/wp\/v2\/posts\/2537","targetHints":{"allow":["GET"]}}],"collection":[{"href":"https:\/\/www.martina-tegtmeier.de\/index.php?rest_route=\/wp\/v2\/posts"}],"about":[{"href":"https:\/\/www.martina-tegtmeier.de\/index.php?rest_route=\/wp\/v2\/types\/post"}],"author":[{"embeddable":true,"href":"https:\/\/www.martina-tegtmeier.de\/index.php?rest_route=\/wp\/v2\/users\/2"}],"replies":[{"embeddable":true,"href":"https:\/\/www.martina-tegtmeier.de\/index.php?rest_route=%2Fwp%2Fv2%2Fcomments&post=2537"}],"version-history":[{"count":1,"href":"https:\/\/www.martina-tegtmeier.de\/index.php?rest_route=\/wp\/v2\/posts\/2537\/revisions"}],"predecessor-version":[{"id":2541,"href":"https:\/\/www.martina-tegtmeier.de\/index.php?rest_route=\/wp\/v2\/posts\/2537\/revisions\/2541"}],"wp:attachment":[{"href":"https:\/\/www.martina-tegtmeier.de\/index.php?rest_route=%2Fwp%2Fv2%2Fmedia&parent=2537"}],"wp:term":[{"taxonomy":"category","embeddable":true,"href":"https:\/\/www.martina-tegtmeier.de\/index.php?rest_route=%2Fwp%2Fv2%2Fcategories&post=2537"},{"taxonomy":"post_tag","embeddable":true,"href":"https:\/\/www.martina-tegtmeier.de\/index.php?rest_route=%2Fwp%2Fv2%2Ftags&post=2537"}],"curies":[{"name":"wp","href":"https:\/\/api.w.org\/{rel}","templated":true}]}}