{"id":2543,"date":"2025-09-23T09:59:23","date_gmt":"2025-09-23T09:59:23","guid":{"rendered":"https:\/\/www.martina-tegtmeier.de\/?p=2543"},"modified":"2025-09-23T09:59:23","modified_gmt":"2025-09-23T09:59:23","slug":"pressemitteilung-vom-22-9-2025-tegtmeier-rechtsextremisten-auch-online-in-ihre-schranken-weisen","status":"publish","type":"post","link":"https:\/\/www.martina-tegtmeier.de\/?p=2543","title":{"rendered":"Pressemitteilung vom 22.9.2025 &#8211; Tegtmeier: Rechtsextremisten auch online in ihre Schranken weisen!"},"content":{"rendered":"<div class=\"page-header\">\n<div class=\"page-header\">\n<h2>Tegtmeier: Rechtsextremisten auch online in ihre Schranken weisen!<\/h2>\n<\/div>\n<div class=\"article\">\n<p>Der Parlamentarische Untersuchungsausschuss zum NSU und Rechtsextremismus in MV hat sich auf seiner Sitzung am Montag mit den Aktivit\u00e4ten rechtsextremistischer Bestrebungen im Internet besch\u00e4ftigt. Hierbei wurde deutlich, dass insbesondere junge Menschen gezielt von Extremisten kontaktiert und angeworben werden, und das l\u00e4ngst nicht mehr nur in klassischen sozialen Medien, sondern bspw. auch in den Chats beliebter Computerspiele. Die \u00dcberwachung solcher Aktivit\u00e4ten ist aktuell noch mangelhaft. Hierzu erkl\u00e4rt Martina Tegtmeier, Obfrau der SPD-Landtagsfraktion im Untersuchungsausschuss:<\/p>\n<p>\u201eDie Aussagen von heute machen noch einmal deutlich, dass sich die Aktivit\u00e4ten rechtsterroristischer Gruppen zunehmend in den digitalen Raum verlagern und immer \u00f6fter auf unsere Kinder und Jugendlichen abzielen. Wir m\u00fcssen daher handeln, denn es mangelt an ausreichender Kontrolle durch Eltern, Beh\u00f6rden sowie die Plattformbetreiber. Ebenfalls hat sich gezeigt, dass es an Pr\u00e4ventionsprogrammen gegen Rechtsextremismus wie nach dem Vorbild der analogen Welt fehlt. Die Zukunft ist digital. Gerade deshalb m\u00fcssen wir handeln, und unsere Kinder und Jugendlichen vor den Gefahren, die rechtsterroristische Gruppen im Internet, auf Plattformen, Chats und selbst in Spielen darstellen, besser sch\u00fctzen.\u201c<\/p>\n<\/div>\n<div class=\"itemTagsBlock\"><\/div>\n<\/div>\n<div class=\"itemTagsBlock\">\n<div class=\"itemTags\"><\/div>\n<\/div>\n","protected":false},"excerpt":{"rendered":"<p>Tegtmeier: Rechtsextremisten auch online in ihre Schranken weisen! Der Parlamentarische Untersuchungsausschuss zum NSU und Rechtsextremismus in MV hat sich auf seiner Sitzung am Montag mit den Aktivit\u00e4ten rechtsextremistischer Bestrebungen im Internet besch\u00e4ftigt. Hierbei wurde deutlich, dass insbesondere junge Menschen gezielt &hellip; <a href=\"https:\/\/www.martina-tegtmeier.de\/?p=2543\">Weiterlesen <span class=\"meta-nav\">&rarr;<\/span><\/a><\/p>\n","protected":false},"author":2,"featured_media":0,"comment_status":"closed","ping_status":"closed","sticky":false,"template":"","format":"standard","meta":{"footnotes":""},"categories":[8],"tags":[],"class_list":["post-2543","post","type-post","status-publish","format-standard","hentry","category-aktuelles"],"_links":{"self":[{"href":"https:\/\/www.martina-tegtmeier.de\/index.php?rest_route=\/wp\/v2\/posts\/2543","targetHints":{"allow":["GET"]}}],"collection":[{"href":"https:\/\/www.martina-tegtmeier.de\/index.php?rest_route=\/wp\/v2\/posts"}],"about":[{"href":"https:\/\/www.martina-tegtmeier.de\/index.php?rest_route=\/wp\/v2\/types\/post"}],"author":[{"embeddable":true,"href":"https:\/\/www.martina-tegtmeier.de\/index.php?rest_route=\/wp\/v2\/users\/2"}],"replies":[{"embeddable":true,"href":"https:\/\/www.martina-tegtmeier.de\/index.php?rest_route=%2Fwp%2Fv2%2Fcomments&post=2543"}],"version-history":[{"count":1,"href":"https:\/\/www.martina-tegtmeier.de\/index.php?rest_route=\/wp\/v2\/posts\/2543\/revisions"}],"predecessor-version":[{"id":2544,"href":"https:\/\/www.martina-tegtmeier.de\/index.php?rest_route=\/wp\/v2\/posts\/2543\/revisions\/2544"}],"wp:attachment":[{"href":"https:\/\/www.martina-tegtmeier.de\/index.php?rest_route=%2Fwp%2Fv2%2Fmedia&parent=2543"}],"wp:term":[{"taxonomy":"category","embeddable":true,"href":"https:\/\/www.martina-tegtmeier.de\/index.php?rest_route=%2Fwp%2Fv2%2Fcategories&post=2543"},{"taxonomy":"post_tag","embeddable":true,"href":"https:\/\/www.martina-tegtmeier.de\/index.php?rest_route=%2Fwp%2Fv2%2Ftags&post=2543"}],"curies":[{"name":"wp","href":"https:\/\/api.w.org\/{rel}","templated":true}]}}