{"id":2546,"date":"2025-10-13T05:53:52","date_gmt":"2025-10-13T05:53:52","guid":{"rendered":"https:\/\/www.martina-tegtmeier.de\/?p=2546"},"modified":"2025-10-13T05:53:52","modified_gmt":"2025-10-13T05:53:52","slug":"jubilaeumsfeier-80-jahre-volkssolidaritaet-in-luetzow","status":"publish","type":"post","link":"https:\/\/www.martina-tegtmeier.de\/?p=2546","title":{"rendered":"Jubil\u00e4umsfeier 80 Jahre Volkssolidarit\u00e4t in L\u00fctzow"},"content":{"rendered":"<p>80 Jahre Vielfalt, 80 Jahre soziales Engagement, 80 Jahre &#8222;Miteinander F\u00fcreinander&#8220; \u2013 die Volkssolidarit\u00e4t ist 2025 seit acht Jahrzehnten aktiv. Zu diesem Anlass feierte die Ortsgruppe der Volkssolidarit\u00e4t L\u00fctzow ihr Jubil\u00e4um im Theodor K\u00f6rner Haus in L\u00fctzow. Mit einer riesigen Kaffeetafel und musikalisch umrahmt vom Landespolizeiorchester Mecklenburg \u2013 Vorpommern war es ein sehr kurzweiliger Nachmittag. Ein ganz gro\u00dfes Dankesch\u00f6n an Frau Karin Tews, der Vorsitzenden der Ortsgruppe L\u00fctzow, die mit ihren 87 Jahren immer noch an vorderster Front steht und ihre privaten Dinge immer hinten anstellt, wenn es um ihre Volkssolidarit\u00e4t geht.<br \/>\nIch freue mich schon auf den kommenden Mittwoch, wenn Sie zu Besuch im Landtag von Mecklenburg \u2013 Vorpommern sind.<\/p>\n<p><a href=\"https:\/\/www.martina-tegtmeier.de\/wp-content\/uploads\/2025\/10\/PXL_20251011_133917025-scaled.jpg\"><img loading=\"lazy\" decoding=\"async\" class=\"alignnone size-medium wp-image-2547\" src=\"https:\/\/www.martina-tegtmeier.de\/wp-content\/uploads\/2025\/10\/PXL_20251011_133917025-225x300.jpg\" alt=\"\" width=\"225\" height=\"300\" srcset=\"https:\/\/www.martina-tegtmeier.de\/wp-content\/uploads\/2025\/10\/PXL_20251011_133917025-225x300.jpg 225w, https:\/\/www.martina-tegtmeier.de\/wp-content\/uploads\/2025\/10\/PXL_20251011_133917025-769x1024.jpg 769w, https:\/\/www.martina-tegtmeier.de\/wp-content\/uploads\/2025\/10\/PXL_20251011_133917025-768x1023.jpg 768w, https:\/\/www.martina-tegtmeier.de\/wp-content\/uploads\/2025\/10\/PXL_20251011_133917025-1153x1536.jpg 1153w, https:\/\/www.martina-tegtmeier.de\/wp-content\/uploads\/2025\/10\/PXL_20251011_133917025-1538x2048.jpg 1538w, https:\/\/www.martina-tegtmeier.de\/wp-content\/uploads\/2025\/10\/PXL_20251011_133917025-scaled.jpg 1922w\" sizes=\"auto, (max-width: 225px) 100vw, 225px\" \/><\/a> <a href=\"https:\/\/www.martina-tegtmeier.de\/wp-content\/uploads\/2025\/10\/PXL_20251011_134646171-scaled.jpg\"><img loading=\"lazy\" decoding=\"async\" class=\"alignnone size-medium wp-image-2548\" src=\"https:\/\/www.martina-tegtmeier.de\/wp-content\/uploads\/2025\/10\/PXL_20251011_134646171-225x300.jpg\" alt=\"\" width=\"225\" height=\"300\" srcset=\"https:\/\/www.martina-tegtmeier.de\/wp-content\/uploads\/2025\/10\/PXL_20251011_134646171-225x300.jpg 225w, https:\/\/www.martina-tegtmeier.de\/wp-content\/uploads\/2025\/10\/PXL_20251011_134646171-769x1024.jpg 769w, https:\/\/www.martina-tegtmeier.de\/wp-content\/uploads\/2025\/10\/PXL_20251011_134646171-768x1023.jpg 768w, https:\/\/www.martina-tegtmeier.de\/wp-content\/uploads\/2025\/10\/PXL_20251011_134646171-1153x1536.jpg 1153w, https:\/\/www.martina-tegtmeier.de\/wp-content\/uploads\/2025\/10\/PXL_20251011_134646171-1538x2048.jpg 1538w, https:\/\/www.martina-tegtmeier.de\/wp-content\/uploads\/2025\/10\/PXL_20251011_134646171-scaled.jpg 1922w\" sizes=\"auto, (max-width: 225px) 100vw, 225px\" \/><\/a><\/p>\n","protected":false},"excerpt":{"rendered":"<p>80 Jahre Vielfalt, 80 Jahre soziales Engagement, 80 Jahre &#8222;Miteinander F\u00fcreinander&#8220; \u2013 die Volkssolidarit\u00e4t ist 2025 seit acht Jahrzehnten aktiv. Zu diesem Anlass feierte die Ortsgruppe der Volkssolidarit\u00e4t L\u00fctzow ihr Jubil\u00e4um im Theodor K\u00f6rner Haus in L\u00fctzow. Mit einer riesigen &hellip; <a href=\"https:\/\/www.martina-tegtmeier.de\/?p=2546\">Weiterlesen <span class=\"meta-nav\">&rarr;<\/span><\/a><\/p>\n","protected":false},"author":2,"featured_media":0,"comment_status":"closed","ping_status":"closed","sticky":false,"template":"","format":"standard","meta":{"footnotes":""},"categories":[9],"tags":[],"class_list":["post-2546","post","type-post","status-publish","format-standard","hentry","category-aktivitaeten"],"_links":{"self":[{"href":"https:\/\/www.martina-tegtmeier.de\/index.php?rest_route=\/wp\/v2\/posts\/2546","targetHints":{"allow":["GET"]}}],"collection":[{"href":"https:\/\/www.martina-tegtmeier.de\/index.php?rest_route=\/wp\/v2\/posts"}],"about":[{"href":"https:\/\/www.martina-tegtmeier.de\/index.php?rest_route=\/wp\/v2\/types\/post"}],"author":[{"embeddable":true,"href":"https:\/\/www.martina-tegtmeier.de\/index.php?rest_route=\/wp\/v2\/users\/2"}],"replies":[{"embeddable":true,"href":"https:\/\/www.martina-tegtmeier.de\/index.php?rest_route=%2Fwp%2Fv2%2Fcomments&post=2546"}],"version-history":[{"count":1,"href":"https:\/\/www.martina-tegtmeier.de\/index.php?rest_route=\/wp\/v2\/posts\/2546\/revisions"}],"predecessor-version":[{"id":2549,"href":"https:\/\/www.martina-tegtmeier.de\/index.php?rest_route=\/wp\/v2\/posts\/2546\/revisions\/2549"}],"wp:attachment":[{"href":"https:\/\/www.martina-tegtmeier.de\/index.php?rest_route=%2Fwp%2Fv2%2Fmedia&parent=2546"}],"wp:term":[{"taxonomy":"category","embeddable":true,"href":"https:\/\/www.martina-tegtmeier.de\/index.php?rest_route=%2Fwp%2Fv2%2Fcategories&post=2546"},{"taxonomy":"post_tag","embeddable":true,"href":"https:\/\/www.martina-tegtmeier.de\/index.php?rest_route=%2Fwp%2Fv2%2Ftags&post=2546"}],"curies":[{"name":"wp","href":"https:\/\/api.w.org\/{rel}","templated":true}]}}