{"id":2555,"date":"2025-11-21T07:07:33","date_gmt":"2025-11-21T07:07:33","guid":{"rendered":"https:\/\/www.martina-tegtmeier.de\/?p=2555"},"modified":"2025-11-21T07:07:33","modified_gmt":"2025-11-21T07:07:33","slug":"feierliche-uebergabe-der-remise-auf-dem-schlossberg-in-gadebusch","status":"publish","type":"post","link":"https:\/\/www.martina-tegtmeier.de\/?p=2555","title":{"rendered":"Feierliche \u00dcbergabe der Remise auf dem Schlossberg in Gadebusch"},"content":{"rendered":"<p><strong>Gestern war die feierliche \u00dcbergabe der Remise mit zahlreichen geladenen G\u00e4sten und interessierten Einwohnern.<\/strong><\/p>\n<p><strong>Ich durfte in einem Gru\u00dfwort die herzlichsten Gr\u00fc\u00dfe der SPD \u2013 Landtagsfraktion Mecklenburg \u2013 Vorpommern \u00fcberbringen.<\/strong><\/p>\n<p><strong>Im September 2023 \u00fcbergab der Minister f\u00fcr Inneres, Bau und Digitalisierung Christian Pegel einen Zuwendungsbescheid f\u00fcr die Sanierung der Remise des Schlosses Gadebusch an B\u00fcrgermeister Arne Schlien, in H\u00f6he von 1.572.724,47 Euro.<\/strong><\/p>\n<p><strong>Es war eine Zuwendung des Landes Mecklenburg-Vorpommern zur F\u00f6rderung der nachhaltigen l\u00e4ndlichen Entwicklung, Wiedernutzbarmachung devastierter Fl\u00e4chen und Rekultivierung von Deponien mit Mitteln des \u201eEurop\u00e4ischen Landwirtschaftsfonds f\u00fcr die Entwicklung des l\u00e4ndlichen Raums\u201c (ELER) gem\u00e4\u00df der LEFD-Richtlinie Mecklenburg-Vorpommern.<\/strong><\/p>\n<p><strong>Damals haben wir uns verabredet im Jahr 2025 die Fertigstellung zu feiern und es wurde Wort gehalten.<\/strong><\/p>\n<p><strong>Mit der Remise wird das erste fertig sanierte Geb\u00e4ude auf dem Schlossberg in Betrieb gehen, dazu meinen herzlichen Gl\u00fcckwunsch und f\u00fcr die weitere Entwicklung auf dem Schlossberg alles Gute!<\/strong><\/p>\n<p><a href=\"https:\/\/www.martina-tegtmeier.de\/wp-content\/uploads\/2025\/11\/PXL_20251120_151630827.MP_-scaled.jpg\"><img loading=\"lazy\" decoding=\"async\" class=\"alignnone size-medium wp-image-2557\" src=\"https:\/\/www.martina-tegtmeier.de\/wp-content\/uploads\/2025\/11\/PXL_20251120_151630827.MP_-225x300.jpg\" alt=\"\" width=\"225\" height=\"300\" srcset=\"https:\/\/www.martina-tegtmeier.de\/wp-content\/uploads\/2025\/11\/PXL_20251120_151630827.MP_-225x300.jpg 225w, https:\/\/www.martina-tegtmeier.de\/wp-content\/uploads\/2025\/11\/PXL_20251120_151630827.MP_-769x1024.jpg 769w, https:\/\/www.martina-tegtmeier.de\/wp-content\/uploads\/2025\/11\/PXL_20251120_151630827.MP_-768x1023.jpg 768w, https:\/\/www.martina-tegtmeier.de\/wp-content\/uploads\/2025\/11\/PXL_20251120_151630827.MP_-1153x1536.jpg 1153w, https:\/\/www.martina-tegtmeier.de\/wp-content\/uploads\/2025\/11\/PXL_20251120_151630827.MP_-1538x2048.jpg 1538w, https:\/\/www.martina-tegtmeier.de\/wp-content\/uploads\/2025\/11\/PXL_20251120_151630827.MP_-scaled.jpg 1922w\" sizes=\"auto, (max-width: 225px) 100vw, 225px\" \/><\/a> <a href=\"https:\/\/www.martina-tegtmeier.de\/wp-content\/uploads\/2025\/11\/PXL_20251120_155847943-scaled.jpg\"><img loading=\"lazy\" decoding=\"async\" class=\"alignnone size-medium wp-image-2558\" src=\"https:\/\/www.martina-tegtmeier.de\/wp-content\/uploads\/2025\/11\/PXL_20251120_155847943-225x300.jpg\" alt=\"\" width=\"225\" height=\"300\" srcset=\"https:\/\/www.martina-tegtmeier.de\/wp-content\/uploads\/2025\/11\/PXL_20251120_155847943-225x300.jpg 225w, https:\/\/www.martina-tegtmeier.de\/wp-content\/uploads\/2025\/11\/PXL_20251120_155847943-769x1024.jpg 769w, https:\/\/www.martina-tegtmeier.de\/wp-content\/uploads\/2025\/11\/PXL_20251120_155847943-768x1023.jpg 768w, https:\/\/www.martina-tegtmeier.de\/wp-content\/uploads\/2025\/11\/PXL_20251120_155847943-1153x1536.jpg 1153w, https:\/\/www.martina-tegtmeier.de\/wp-content\/uploads\/2025\/11\/PXL_20251120_155847943-1538x2048.jpg 1538w, https:\/\/www.martina-tegtmeier.de\/wp-content\/uploads\/2025\/11\/PXL_20251120_155847943-scaled.jpg 1922w\" sizes=\"auto, (max-width: 225px) 100vw, 225px\" \/><\/a> <a href=\"https:\/\/www.martina-tegtmeier.de\/wp-content\/uploads\/2025\/11\/PXL_20251120_155625348-scaled.jpg\"><img loading=\"lazy\" decoding=\"async\" class=\"alignnone size-medium wp-image-2559\" src=\"https:\/\/www.martina-tegtmeier.de\/wp-content\/uploads\/2025\/11\/PXL_20251120_155625348-225x300.jpg\" alt=\"\" width=\"225\" height=\"300\" srcset=\"https:\/\/www.martina-tegtmeier.de\/wp-content\/uploads\/2025\/11\/PXL_20251120_155625348-225x300.jpg 225w, https:\/\/www.martina-tegtmeier.de\/wp-content\/uploads\/2025\/11\/PXL_20251120_155625348-769x1024.jpg 769w, https:\/\/www.martina-tegtmeier.de\/wp-content\/uploads\/2025\/11\/PXL_20251120_155625348-768x1023.jpg 768w, https:\/\/www.martina-tegtmeier.de\/wp-content\/uploads\/2025\/11\/PXL_20251120_155625348-1153x1536.jpg 1153w, https:\/\/www.martina-tegtmeier.de\/wp-content\/uploads\/2025\/11\/PXL_20251120_155625348-1538x2048.jpg 1538w, https:\/\/www.martina-tegtmeier.de\/wp-content\/uploads\/2025\/11\/PXL_20251120_155625348-scaled.jpg 1922w\" sizes=\"auto, (max-width: 225px) 100vw, 225px\" \/><\/a> <a href=\"https:\/\/www.martina-tegtmeier.de\/wp-content\/uploads\/2025\/11\/PXL_20251120_154804655-scaled.jpg\"><img loading=\"lazy\" decoding=\"async\" class=\"alignnone size-medium wp-image-2560\" src=\"https:\/\/www.martina-tegtmeier.de\/wp-content\/uploads\/2025\/11\/PXL_20251120_154804655-300x225.jpg\" alt=\"\" width=\"300\" height=\"225\" srcset=\"https:\/\/www.martina-tegtmeier.de\/wp-content\/uploads\/2025\/11\/PXL_20251120_154804655-300x225.jpg 300w, https:\/\/www.martina-tegtmeier.de\/wp-content\/uploads\/2025\/11\/PXL_20251120_154804655-1024x769.jpg 1024w, https:\/\/www.martina-tegtmeier.de\/wp-content\/uploads\/2025\/11\/PXL_20251120_154804655-768x577.jpg 768w, https:\/\/www.martina-tegtmeier.de\/wp-content\/uploads\/2025\/11\/PXL_20251120_154804655-1536x1153.jpg 1536w, https:\/\/www.martina-tegtmeier.de\/wp-content\/uploads\/2025\/11\/PXL_20251120_154804655-2048x1538.jpg 2048w\" sizes=\"auto, (max-width: 300px) 100vw, 300px\" \/><\/a><\/p>\n","protected":false},"excerpt":{"rendered":"<p>Gestern war die feierliche \u00dcbergabe der Remise mit zahlreichen geladenen G\u00e4sten und interessierten Einwohnern. Ich durfte in einem Gru\u00dfwort die herzlichsten Gr\u00fc\u00dfe der SPD \u2013 Landtagsfraktion Mecklenburg \u2013 Vorpommern \u00fcberbringen. Im September 2023 \u00fcbergab der Minister f\u00fcr Inneres, Bau und &hellip; <a href=\"https:\/\/www.martina-tegtmeier.de\/?p=2555\">Weiterlesen <span class=\"meta-nav\">&rarr;<\/span><\/a><\/p>\n","protected":false},"author":2,"featured_media":0,"comment_status":"closed","ping_status":"closed","sticky":false,"template":"","format":"standard","meta":{"footnotes":""},"categories":[9],"tags":[],"class_list":["post-2555","post","type-post","status-publish","format-standard","hentry","category-aktivitaeten"],"_links":{"self":[{"href":"https:\/\/www.martina-tegtmeier.de\/index.php?rest_route=\/wp\/v2\/posts\/2555","targetHints":{"allow":["GET"]}}],"collection":[{"href":"https:\/\/www.martina-tegtmeier.de\/index.php?rest_route=\/wp\/v2\/posts"}],"about":[{"href":"https:\/\/www.martina-tegtmeier.de\/index.php?rest_route=\/wp\/v2\/types\/post"}],"author":[{"embeddable":true,"href":"https:\/\/www.martina-tegtmeier.de\/index.php?rest_route=\/wp\/v2\/users\/2"}],"replies":[{"embeddable":true,"href":"https:\/\/www.martina-tegtmeier.de\/index.php?rest_route=%2Fwp%2Fv2%2Fcomments&post=2555"}],"version-history":[{"count":1,"href":"https:\/\/www.martina-tegtmeier.de\/index.php?rest_route=\/wp\/v2\/posts\/2555\/revisions"}],"predecessor-version":[{"id":2561,"href":"https:\/\/www.martina-tegtmeier.de\/index.php?rest_route=\/wp\/v2\/posts\/2555\/revisions\/2561"}],"wp:attachment":[{"href":"https:\/\/www.martina-tegtmeier.de\/index.php?rest_route=%2Fwp%2Fv2%2Fmedia&parent=2555"}],"wp:term":[{"taxonomy":"category","embeddable":true,"href":"https:\/\/www.martina-tegtmeier.de\/index.php?rest_route=%2Fwp%2Fv2%2Fcategories&post=2555"},{"taxonomy":"post_tag","embeddable":true,"href":"https:\/\/www.martina-tegtmeier.de\/index.php?rest_route=%2Fwp%2Fv2%2Ftags&post=2555"}],"curies":[{"name":"wp","href":"https:\/\/api.w.org\/{rel}","templated":true}]}}