{"id":2562,"date":"2025-11-21T09:27:44","date_gmt":"2025-11-21T09:27:44","guid":{"rendered":"https:\/\/www.martina-tegtmeier.de\/?p=2562"},"modified":"2025-11-21T09:27:44","modified_gmt":"2025-11-21T09:27:44","slug":"vorlesetag-in-der-kindertagesstaette-am-burgsee-in-gadebusch","status":"publish","type":"post","link":"https:\/\/www.martina-tegtmeier.de\/?p=2562","title":{"rendered":"Vorlesetag in der Kindertagesst\u00e4tte &#8222;Am Burgsee&#8220; in Gadebusch"},"content":{"rendered":"<p>Heute war ich zum bundesweiten Vorlesetag in der Kindertagesst\u00e4tte \u201eAm Burgsee\u201c in Gadebusch zu Gast.<br \/>\nDie \u201eWaldgruppe\u201c von Frau Preu\u00df wartete schon ganz gespannt auf die Geschichten aus den B\u00fcchern, die sie sich selbst ausgesucht haben.<br \/>\nZum einen das Buch von Chris Naylor \u2013 Ballesteros \u201eFrank und Bert\u201c sowie das Buch von Petr Horacek \u201eEin bester Freund f\u00fcr B\u00e4r\u201c<br \/>\nWorum geht es in den B\u00fcchern?<br \/>\nFrank und Bert sind beste Freunde und am liebsten spielen sie Verstecken. Nur ist Bert \u00fcberhaupt nicht gut darin. Deshalb gewinnt immer Frank. Jedes. Einzige. Mal. Aber was, wenn Gewinnen gar nicht alles ist? Frank \u00fcberlegt. Ist es nicht wichtiger, ein guter Freund zu sein \u2026? Mit einem Augenzwinkern erz\u00e4hlt der britische Autor und Illustrator Chris Naylor-Ballesteros, was echte Freundschaft ausmacht.<br \/>\nSchwarzer B\u00e4r w\u00fcnscht sich einen Freund. Doch wo soll er einen finden? Zum Gl\u00fcck trifft er Brauner B\u00e4r, und sie beschlie\u00dfen, zusammen zu suchen. Was f\u00fcr ein Abenteuer das ist! Und wer wei\u00df \u2013 vielleicht finden sie einen Freund gerade dort, wo sie ihn am wenigsten erwarten?<br \/>\nZum Schluss waren sich alle Kinder einig \u2013 nur als Freunde kann man ganz viele Dinge gemeinsam schaffen.<br \/>\nVielen Dank an die Kindertagesst\u00e4tte \u201eAm Burgsee\u201c, f\u00fcr die M\u00f6glichkeit bei Ihnen vorlesen zu d\u00fcrfen.<\/p>\n<p><a href=\"https:\/\/www.martina-tegtmeier.de\/wp-content\/uploads\/2025\/11\/PXL_20251121_080554913-scaled.jpg\"><img loading=\"lazy\" decoding=\"async\" class=\"alignnone size-medium wp-image-2563\" src=\"https:\/\/www.martina-tegtmeier.de\/wp-content\/uploads\/2025\/11\/PXL_20251121_080554913-225x300.jpg\" alt=\"\" width=\"225\" height=\"300\" srcset=\"https:\/\/www.martina-tegtmeier.de\/wp-content\/uploads\/2025\/11\/PXL_20251121_080554913-225x300.jpg 225w, https:\/\/www.martina-tegtmeier.de\/wp-content\/uploads\/2025\/11\/PXL_20251121_080554913-769x1024.jpg 769w, https:\/\/www.martina-tegtmeier.de\/wp-content\/uploads\/2025\/11\/PXL_20251121_080554913-768x1023.jpg 768w, https:\/\/www.martina-tegtmeier.de\/wp-content\/uploads\/2025\/11\/PXL_20251121_080554913-1153x1536.jpg 1153w, https:\/\/www.martina-tegtmeier.de\/wp-content\/uploads\/2025\/11\/PXL_20251121_080554913-1538x2048.jpg 1538w, https:\/\/www.martina-tegtmeier.de\/wp-content\/uploads\/2025\/11\/PXL_20251121_080554913-scaled.jpg 1922w\" sizes=\"auto, (max-width: 225px) 100vw, 225px\" \/><\/a> <a href=\"https:\/\/www.martina-tegtmeier.de\/wp-content\/uploads\/2025\/11\/PXL_20251121_080724864-scaled.jpg\"><img loading=\"lazy\" decoding=\"async\" class=\"alignnone size-medium wp-image-2564\" src=\"https:\/\/www.martina-tegtmeier.de\/wp-content\/uploads\/2025\/11\/PXL_20251121_080724864-225x300.jpg\" alt=\"\" width=\"225\" height=\"300\" srcset=\"https:\/\/www.martina-tegtmeier.de\/wp-content\/uploads\/2025\/11\/PXL_20251121_080724864-225x300.jpg 225w, https:\/\/www.martina-tegtmeier.de\/wp-content\/uploads\/2025\/11\/PXL_20251121_080724864-769x1024.jpg 769w, https:\/\/www.martina-tegtmeier.de\/wp-content\/uploads\/2025\/11\/PXL_20251121_080724864-768x1023.jpg 768w, https:\/\/www.martina-tegtmeier.de\/wp-content\/uploads\/2025\/11\/PXL_20251121_080724864-1153x1536.jpg 1153w, https:\/\/www.martina-tegtmeier.de\/wp-content\/uploads\/2025\/11\/PXL_20251121_080724864-1538x2048.jpg 1538w, https:\/\/www.martina-tegtmeier.de\/wp-content\/uploads\/2025\/11\/PXL_20251121_080724864-scaled.jpg 1922w\" sizes=\"auto, (max-width: 225px) 100vw, 225px\" \/><\/a> <a href=\"https:\/\/www.martina-tegtmeier.de\/wp-content\/uploads\/2025\/11\/PXL_20251121_082050258.MP_-scaled.jpg\"><img loading=\"lazy\" decoding=\"async\" class=\"alignnone size-medium wp-image-2565\" src=\"https:\/\/www.martina-tegtmeier.de\/wp-content\/uploads\/2025\/11\/PXL_20251121_082050258.MP_-225x300.jpg\" alt=\"\" width=\"225\" height=\"300\" srcset=\"https:\/\/www.martina-tegtmeier.de\/wp-content\/uploads\/2025\/11\/PXL_20251121_082050258.MP_-225x300.jpg 225w, https:\/\/www.martina-tegtmeier.de\/wp-content\/uploads\/2025\/11\/PXL_20251121_082050258.MP_-769x1024.jpg 769w, https:\/\/www.martina-tegtmeier.de\/wp-content\/uploads\/2025\/11\/PXL_20251121_082050258.MP_-768x1023.jpg 768w, https:\/\/www.martina-tegtmeier.de\/wp-content\/uploads\/2025\/11\/PXL_20251121_082050258.MP_-1153x1536.jpg 1153w, https:\/\/www.martina-tegtmeier.de\/wp-content\/uploads\/2025\/11\/PXL_20251121_082050258.MP_-1538x2048.jpg 1538w, https:\/\/www.martina-tegtmeier.de\/wp-content\/uploads\/2025\/11\/PXL_20251121_082050258.MP_-scaled.jpg 1922w\" sizes=\"auto, (max-width: 225px) 100vw, 225px\" \/><\/a><\/p>\n","protected":false},"excerpt":{"rendered":"<p>Heute war ich zum bundesweiten Vorlesetag in der Kindertagesst\u00e4tte \u201eAm Burgsee\u201c in Gadebusch zu Gast. Die \u201eWaldgruppe\u201c von Frau Preu\u00df wartete schon ganz gespannt auf die Geschichten aus den B\u00fcchern, die sie sich selbst ausgesucht haben. Zum einen das Buch &hellip; <a href=\"https:\/\/www.martina-tegtmeier.de\/?p=2562\">Weiterlesen <span class=\"meta-nav\">&rarr;<\/span><\/a><\/p>\n","protected":false},"author":2,"featured_media":0,"comment_status":"closed","ping_status":"closed","sticky":false,"template":"","format":"standard","meta":{"footnotes":""},"categories":[9],"tags":[],"class_list":["post-2562","post","type-post","status-publish","format-standard","hentry","category-aktivitaeten"],"_links":{"self":[{"href":"https:\/\/www.martina-tegtmeier.de\/index.php?rest_route=\/wp\/v2\/posts\/2562","targetHints":{"allow":["GET"]}}],"collection":[{"href":"https:\/\/www.martina-tegtmeier.de\/index.php?rest_route=\/wp\/v2\/posts"}],"about":[{"href":"https:\/\/www.martina-tegtmeier.de\/index.php?rest_route=\/wp\/v2\/types\/post"}],"author":[{"embeddable":true,"href":"https:\/\/www.martina-tegtmeier.de\/index.php?rest_route=\/wp\/v2\/users\/2"}],"replies":[{"embeddable":true,"href":"https:\/\/www.martina-tegtmeier.de\/index.php?rest_route=%2Fwp%2Fv2%2Fcomments&post=2562"}],"version-history":[{"count":1,"href":"https:\/\/www.martina-tegtmeier.de\/index.php?rest_route=\/wp\/v2\/posts\/2562\/revisions"}],"predecessor-version":[{"id":2566,"href":"https:\/\/www.martina-tegtmeier.de\/index.php?rest_route=\/wp\/v2\/posts\/2562\/revisions\/2566"}],"wp:attachment":[{"href":"https:\/\/www.martina-tegtmeier.de\/index.php?rest_route=%2Fwp%2Fv2%2Fmedia&parent=2562"}],"wp:term":[{"taxonomy":"category","embeddable":true,"href":"https:\/\/www.martina-tegtmeier.de\/index.php?rest_route=%2Fwp%2Fv2%2Fcategories&post=2562"},{"taxonomy":"post_tag","embeddable":true,"href":"https:\/\/www.martina-tegtmeier.de\/index.php?rest_route=%2Fwp%2Fv2%2Ftags&post=2562"}],"curies":[{"name":"wp","href":"https:\/\/api.w.org\/{rel}","templated":true}]}}